{"id":5567,"date":"2019-08-02T09:06:00","date_gmt":"2019-08-02T07:06:00","guid":{"rendered":"https:\/\/www.infopoint.cz\/polsko\/?p=5567"},"modified":"2020-06-24T09:41:39","modified_gmt":"2020-06-24T07:41:39","slug":"vlastenectvi-nezabira-tak-penize-polsko-zaplati-mladym-aby-neemigrovali","status":"publish","type":"post","link":"https:\/\/www.infopoint.cz\/polsko\/vlastenectvi-nezabira-tak-penize-polsko-zaplati-mladym-aby-neemigrovali\/","title":{"rendered":"Vlastenectv\u00ed nezab\u00edr\u00e1, tak pen\u00edze! Polsko zaplat\u00ed mlad\u00fdm, aby neemigrovali"},"content":{"rendered":"<blockquote><p>Polsko ru\u0161\u00ed da\u0148 z p\u0159\u00edjmu pro ob\u010dany mlad\u0161\u00ed 26 let. Chce je tak motivovat, aby neopustili vlast jako miliony jejich krajan\u016f. Podle odborn\u00edk\u016f na migraci ale ani tento \u00faplatek nepom\u016f\u017ee. Polsku ods\u00e1v\u00e1 mozky hlavn\u011b Brit\u00e1nie a N\u011bmecko.<\/p><\/blockquote>\n<p>Zdroj: <a href=\"https:\/\/www.idnes.cz\/zpravy\/zahranicni\/polsko-britanie-nemecko-eu-vlada-migrace-dane-mladi.A190731_171533_zahranicni_luka\">https:\/\/www.idnes.cz\/zpravy\/zahranicni\/polsko-britanie-nemecko-eu-vlada-migrace-dane-mladi.A190731_171533_zahranicni_luka<\/a><\/p>\n","protected":false},"excerpt":{"rendered":"<p>Polsko ru\u0161\u00ed da\u0148 z p\u0159\u00edjmu pro ob\u010dany mlad\u0161\u00ed 26 let. Chce je tak motivovat, aby neopustili vlast jako miliony jejich krajan\u016f. Podle odborn\u00edk\u016f na migraci ale ani tento \u00faplatek nepom\u016f\u017ee. Polsku ods\u00e1v\u00e1 mozky hlavn\u011b Brit\u00e1nie a N\u011bmecko. Zdroj: https:\/\/www.idnes.cz\/zpravy\/zahranicni\/polsko-britanie-nemecko-eu-vlada-migrace-dane-mladi.A190731_171533_zahranicni_luka<\/p>\n","protected":false},"author":2,"featured_media":0,"comment_status":"open","ping_status":"closed","sticky":false,"template":"","format":"standard","meta":{"ngg_post_thumbnail":0,"footnotes":""},"categories":[24],"tags":[],"class_list":["post-5567","post","type-post","status-publish","format-standard","hentry","category-zajimavosti"],"_links":{"self":[{"href":"https:\/\/www.infopoint.cz\/polsko\/wp-json\/wp\/v2\/posts\/5567","targetHints":{"allow":["GET"]}}],"collection":[{"href":"https:\/\/www.infopoint.cz\/polsko\/wp-json\/wp\/v2\/posts"}],"about":[{"href":"https:\/\/www.infopoint.cz\/polsko\/wp-json\/wp\/v2\/types\/post"}],"author":[{"embeddable":true,"href":"https:\/\/www.infopoint.cz\/polsko\/wp-json\/wp\/v2\/users\/2"}],"replies":[{"embeddable":true,"href":"https:\/\/www.infopoint.cz\/polsko\/wp-json\/wp\/v2\/comments?post=5567"}],"version-history":[{"count":1,"href":"https:\/\/www.infopoint.cz\/polsko\/wp-json\/wp\/v2\/posts\/5567\/revisions"}],"predecessor-version":[{"id":5568,"href":"https:\/\/www.infopoint.cz\/polsko\/wp-json\/wp\/v2\/posts\/5567\/revisions\/5568"}],"wp:attachment":[{"href":"https:\/\/www.infopoint.cz\/polsko\/wp-json\/wp\/v2\/media?parent=5567"}],"wp:term":[{"taxonomy":"category","embeddable":true,"href":"https:\/\/www.infopoint.cz\/polsko\/wp-json\/wp\/v2\/categories?post=5567"},{"taxonomy":"post_tag","embeddable":true,"href":"https:\/\/www.infopoint.cz\/polsko\/wp-json\/wp\/v2\/tags?post=5567"}],"curies":[{"name":"wp","href":"https:\/\/api.w.org\/{rel}","templated":true}]}}