{"id":5574,"date":"2019-12-11T11:05:40","date_gmt":"2019-12-11T10:05:40","guid":{"rendered":"https:\/\/www.infopoint.cz\/polsko\/?p=5574"},"modified":"2019-12-11T15:33:50","modified_gmt":"2019-12-11T14:33:50","slug":"pisma-sveta","status":"publish","type":"post","link":"https:\/\/www.infopoint.cz\/polsko\/pisma-sveta\/","title":{"rendered":"P\u00edsma sv\u011bta"},"content":{"rendered":"\n<p>Ve \u010dtvrtek 21. 11. 2019 jsme se vydaly do muzea Asie a Pacifiku.<\/p>\n<h4>V\u00a0listopadu a v\u00a0prosinci 2019 se zde kon\u00e1 v\u00fdstava \u201eP\u00edsmo v\u00a0kultur\u00e1ch sv\u011bta\u201c.<\/h4>\n<p>U\u017e p\u0159ed vchodem do muzea bylo jasn\u00e9, \u017ee na asijskou atmosf\u00e9ru jsme spr\u00e1vn\u011b nalad\u011bn\u00e9. Hned v\u00a0p\u0159eds\u00e1l\u00ed n\u00e1s zaujal objekt m\u011bs\u00edce. Jednalo se o pap\u00edrov\u00e9 modely re\u00e1ln\u00fdch v\u011bc\u00ed, slou\u017e\u00edc\u00edch k\u00a0ritu\u00e1ln\u00edm \u00fa\u010del\u016fm v\u00a0\u010c\u00edn\u011b.<img loading=\"lazy\" decoding=\"async\" class=\"SzDcob alignleft\" src=\"https:\/\/lh3.googleusercontent.com\/JlHn4UudANoe84AFVSQgq5TCZEgMSRr1tpEtfhrRPuD6ghWXadsQkpdnhscjcsZoRAZ5fldBLKSS3kUtTZEQhVxB7TxiCCReAAiZbNE3b--0kwsB6k5qX7K9oTDVuQB45lO0s5o5oDIUmOJMk0kQSAQUIOs6X3Ectz-gFlbDPNbaeQx3gpHfI2yzjLvYrhr1Icx9LcONuHtiZm343MkDyaigQ201zwtzJysrtZyH6gGsBOCnqx5pjAc5E483gcAygOD34LI3fFhqvrNodLpIeoKkqBcYWJvu_YsB8A5LcQVHCOdjpj2c4nPk_tveKgVbLHSC7Y9zZ75dzAdhDqmvPLEUOPaizJvo80yoYnbLY7q415BrUKKmote4nggsoQBFLciOKxXot02PnxVHHQyZIZL-GrK4E6J33z_NLDYqKduZsONpHFEQ4udQ3UL956a7hWMi8qJcvWSpSTzenayGVE8TD-eHx6xw-9ABQ6g8CUsv3eNzMERpPV5AS6bTmvmI7qiZKxRznsDmAqY1AXrFwYuQx3N2St_ujH7rSnRF5aqPL1WM_YPyoRRJfxYOnBJIXN0umZfg-bBbU86bcGQxZkqItEesx7nfyldRy6ZLPofygDVFAPwoe52DRvGytmVqxxXxkFM3MASzVF329Z3oEWpDX-kOCcsNL7abERw_itvwK4o2KgoxF6Iq7Un2x8T3wu8bTBsjRLwH3x9-OvLHFS2SIin4ITxHsMpmS0psXp3uyStB=w745-h983-no\" width=\"245\" height=\"983\" data-atf=\"false\" data-iml=\"195527\" aria-label=\"Fotka \u2013 Na v\u00fd\u0161ku \u2013 21. 11. 2019 11:51:28\" \/><\/p>\n<p>To, \u017ee se v\u00a0\u010c\u00edn\u011b k\u00a0uct\u011bn\u00ed zem\u0159el\u00fdch pou\u017e\u00edv\u00e1 spalov\u00e1n\u00ed pap\u00edrov\u00fdch fale\u0161n\u00fdch pen\u011bz, to je pom\u011brn\u011b zn\u00e1m\u00e9, ale pap\u00edrov\u00e1 kabelka Gucci, baler\u00ednky a mobil, vypracovan\u00e9 do nejmen\u0161\u00edch detail\u016f, kter\u00e9 se v\u00a0sou\u010dasn\u00e9 dob\u011b k\u00a0t\u011bmto ritu\u00e1ln\u00edm \u00fa\u010del\u016fm tak\u00e9 pou\u017e\u00edvaj\u00ed, n\u00e1s pom\u011brn\u011b p\u0159ekvapily a rozproudily v\u00e1\u0161nivou diskuzi.<\/p>\n<p>V\u00fdstava byla situovan\u00e1 v\u00a0jedn\u00e9 p\u0159\u00edzemn\u00ed m\u00edstnosti, p\u0159esto byla extr\u00e9mn\u011b zaj\u00edmav\u00e1 a obs\u00e1hl\u00e1. P\u0159ed vchodem je digit\u00e1ln\u00ed tabule, na kter\u00e9 lze nalistovat jednotliv\u00e9 druhy p\u00edsma a lokalitu jejich pou\u017e\u00edv\u00e1n\u00ed ve sv\u011bt\u011b.<\/p>\n<p>V\u00fdstava je pojata pro \u0161irokou ve\u0159ejnost, pro d\u011bti je zde spousta n\u00e1zorn\u00fdch obr\u00e1zk\u016f a aktivit na vyzkou\u0161en\u00ed. P\u0159ed vchodem si d\u011bti mohou vyzvednout bro\u017euru, kter\u00e1 je n\u00e1zorn\u011b a vtipn\u011b provede v\u00fdstavou. Je zde d\u00e1le mo\u017enost vyzkou\u0161et techniku barevn\u00e9ho tisku na l\u00e1tku, nebo psan\u00ed znak\u016f do p\u00edsku. Tak\u00e9 jsme neodolaly a v\u0161e vyzkou\u0161ely. V\u00fdstava p\u0159edstavila kolem 30 druh\u016f p\u00edsma (nap\u0159. azt\u00e9ck\u00e9, egyptsk\u00e9, kl\u00ednov\u00e9, japonsk\u00e9 apod.). Ve vitr\u00edn\u00e1ch je spousta p\u016fvodn\u00edch svitk\u016f a origin\u00e1ln\u00edch tisk\u016f. U korejsk\u00e9ho p\u00edsma jsme se pozdr\u017eely d\u00e9le a Dana n\u00e1m vysv\u011btlila, co znamenaj\u00ed konkr\u00e9tn\u00ed znaky a jak je \u010d\u00edst. Zaujaly n\u00e1s diagramy um\u00edst\u011bn\u00e9 na st\u011bn\u00e1ch zn\u00e1zor\u0148uj\u00edc\u00ed p\u00edsma s\u00a0rozli\u0161en\u00edm p\u00edsmen v\u00a0jednotliv\u00fdch jazyc\u00edch. P\u0159ekvapil arabsk\u00fd psac\u00ed stroj i dal\u0161\u00ed expon\u00e1ty. V\u00fdstava byla velice zaj\u00edmav\u00e1 a pou\u010dn\u00e1.<\/p>\n<p><img loading=\"lazy\" decoding=\"async\" class=\"SzDcob\" src=\"https:\/\/lh3.googleusercontent.com\/Zrl56qJJ5ltDhXw0Evs1lb-icKtQ6r8DC0VnSR2s7VQPnCamGMgGWDh6afJlS6pxCQjbmCyk78OroDVxbMEmsbQSYjG-Wu3S9qonJ3BMWyGZnJ7jMacxbCfKWKU8ayOUIYopRsYMNTItKuCu6iZ_u2C0qD9RRLbA21e5usrS3N8z9KqJpd2q55fuK-7mkD9Hd4AYLbtk584OCEsF6MlI4eFeOEi5Ol7jEfmb1TNA5W-HaXr69Twg6FJEFMc24HrnAX32v8JZHczKPv6sR6ZS7Xkse1BatVJR5RBS8CxDnpU0c-yW7bREjTMU_fafrFB0e9qEzMtT45V2XVKRGG0us3crGNwilIqA4OsPqroy5qbRVpYwqtUba24QqD2-gpbZIIW0Ga6SLnGyjgRjjI2IanhprEVVIjzTAF0b0788Z77Pfy18IpTfEayCdWjFcgcw2UIBSKlWYoOQoEGa9mjgUopFQlB2RnNnBAZ8ZZK26w-5okhN_Q3T-dH0OMCBeXcBqJKbmjXb_1Uka3NInyTqgJqnJDRWpyPCqz8vlqCiuYtO5KWgEKZRheWzLvB33k07kNbtP4XrU01qp5QfP5sAiCIwMAdmTv5KgEGt3MGBYXRcW3KEZz7GWigggzJxGgusP_i1BQBuWSni6kC6njtZ2BvwIUAs1542cMrFQvvNLtGnNO5mQvzNHWM=s983-no\" width=\"983\" height=\"983\" aria-label=\"Kol\u00e1\u017e \u2013 Fotka \u2013 \u010ctverec \u2013 21. 11. 2019 13:29:13\" data-atf=\"false\" data-iml=\"1094356\" \/><\/p>\n<p>Po v\u00fdstav\u011b jsme se p\u0159esunuly do restaurace LAS (Lokalna Atrakcja Stolicy). Kde jsme si vybraly z\u00a0u\u017e\u0161\u00edho, ale velice zaj\u00edmav\u00e9ho j\u00eddeln\u00edho l\u00edstku, p\u0159i\u010dem\u017e se se bavily p\u0159eklady jednotliv\u00fdch j\u00eddel a ingredienc\u00ed.<\/p>\n<p>Pro Kulturn\u00ed \u010dtvrtek napsala Dana J.<\/p>\n<p><a href=\"https:\/\/photos.app.goo.gl\/NJAdAcnWGDc9UGUY9\">Fotogalerie z t\u00e9to akce<\/a><\/p>\n<p>\u00a0<\/p>\n","protected":false},"excerpt":{"rendered":"<p>Ve \u010dtvrtek 21. 11. 2019 jsme se vydaly do muzea Asie a Pacifiku. V\u00a0listopadu a v\u00a0prosinci 2019 se zde kon\u00e1 v\u00fdstava \u201eP\u00edsmo v\u00a0kultur\u00e1ch sv\u011bta\u201c. U\u017e p\u0159ed vchodem do muzea bylo jasn\u00e9, \u017ee na asijskou atmosf\u00e9ru jsme spr\u00e1vn\u011b nalad\u011bn\u00e9. Hned v\u00a0p\u0159eds\u00e1l\u00ed n\u00e1s zaujal objekt m\u011bs\u00edce. Jednalo se o pap\u00edrov\u00e9 modely re\u00e1ln\u00fdch v\u011bc\u00ed, slou\u017e\u00edc\u00edch k\u00a0ritu\u00e1ln\u00edm \u00fa\u010del\u016fm v\u00a0\u010c\u00edn\u011b. [&hellip;]<\/p>\n","protected":false},"author":67,"featured_media":0,"comment_status":"open","ping_status":"closed","sticky":false,"template":"","format":"standard","meta":{"ngg_post_thumbnail":0,"footnotes":""},"categories":[2],"tags":[],"class_list":["post-5574","post","type-post","status-publish","format-standard","hentry","category-kulturni-ctvrtky"],"_links":{"self":[{"href":"https:\/\/www.infopoint.cz\/polsko\/wp-json\/wp\/v2\/posts\/5574","targetHints":{"allow":["GET"]}}],"collection":[{"href":"https:\/\/www.infopoint.cz\/polsko\/wp-json\/wp\/v2\/posts"}],"about":[{"href":"https:\/\/www.infopoint.cz\/polsko\/wp-json\/wp\/v2\/types\/post"}],"author":[{"embeddable":true,"href":"https:\/\/www.infopoint.cz\/polsko\/wp-json\/wp\/v2\/users\/67"}],"replies":[{"embeddable":true,"href":"https:\/\/www.infopoint.cz\/polsko\/wp-json\/wp\/v2\/comments?post=5574"}],"version-history":[{"count":6,"href":"https:\/\/www.infopoint.cz\/polsko\/wp-json\/wp\/v2\/posts\/5574\/revisions"}],"predecessor-version":[{"id":5621,"href":"https:\/\/www.infopoint.cz\/polsko\/wp-json\/wp\/v2\/posts\/5574\/revisions\/5621"}],"wp:attachment":[{"href":"https:\/\/www.infopoint.cz\/polsko\/wp-json\/wp\/v2\/media?parent=5574"}],"wp:term":[{"taxonomy":"category","embeddable":true,"href":"https:\/\/www.infopoint.cz\/polsko\/wp-json\/wp\/v2\/categories?post=5574"},{"taxonomy":"post_tag","embeddable":true,"href":"https:\/\/www.infopoint.cz\/polsko\/wp-json\/wp\/v2\/tags?post=5574"}],"curies":[{"name":"wp","href":"https:\/\/api.w.org\/{rel}","templated":true}]}}