{"id":5579,"date":"2019-12-11T11:11:50","date_gmt":"2019-12-11T10:11:50","guid":{"rendered":"https:\/\/www.infopoint.cz\/polsko\/?p=5579"},"modified":"2019-12-11T11:23:43","modified_gmt":"2019-12-11T10:23:43","slug":"duch-a-hmota-v-korejskem-umeni","status":"publish","type":"post","link":"https:\/\/www.infopoint.cz\/polsko\/duch-a-hmota-v-korejskem-umeni\/","title":{"rendered":"Duch a hmota v korejsk\u00e9m um\u011bn\u00ed"},"content":{"rendered":"\n<div class=\"wp-block-group\"><div class=\"wp-block-group__inner-container is-layout-flow wp-block-group-is-layout-flow\">\n<p><img loading=\"lazy\" decoding=\"async\" class=\"SzDcob\" src=\"https:\/\/lh3.googleusercontent.com\/IF5-4Md7jOMwNSMjQUC6r9W2jVTe4IR6RpvGWT2GSUW4LJv86LLkZfapDYWtMU_Iyoe0erywBn-avHGAnGTlvqimApdXIO0rWqVRukkCYI2465o5QIXts_OvU9Bs7oV8pGQyU_6bYOKtngRlzc8Nkr7TKVqczbbSNOXwnnZTGEnGlS7vf4VuTROrBdbOLkfO6P6PTwNE63g_0sAvOTLoA79Qg4hbilbqInlYfmVvijxCwbaWgOIQEeAXFEhCg3o_GP3OGGeyK9k3bM6pSBLb3NhwYXHK9U2nk5cjlrq0oR0v-Gy_QDZZ8Bj-rikoE10DPSHDx0Up1hBdTix8FaP_xPj9yKNCrO6zliVfuVYHN82ihUcTUTjXrpotzHMiYmXs9lM3XHrbs3jv9LIbyTmMILLfaFgYX-_s8_enoR1R4MFMGwMK4xE5SMROKpOt9JETWmSe-vOOAEp8SUNXLi21TYmDXKA3_NgB8XcE7-3jnQ46cJVl13QPpBe7HZm027J253glxk-uG3sj1OtSmB7TipVAxGDo5sHq6hhdVychw4UYvf0CvUNUFF83pZjaTG3A-e4hXwdSNcm3t9iS3QlZawPOZePoUg6LXWcVU9s6k6HcTZwuIFWFMW4SGy_9gDGxTR9p7CFpjH-FZT2dXlyhBocFRU-qYEZllz_ELmQj-dBCQPI5sEiz6zw=s983-no\" aria-label=\"Kol\u00e1\u017e \u2013 Fotka \u2013 \u010ctverec \u2013 5. 12. 2019 14:04:49\" data-atf=\"false\" data-iml=\"1383310\" width=\"983\" height=\"983\"><\/p>\n<\/div><\/div>\n\n\n\n<p>Dal\u0161\u00ed fotografie z t\u00e9to akce <a href=\"https:\/\/photos.app.goo.gl\/tVGULV3npsqShGvo8\">ZDE<\/a>.<\/p>\n<p>\u010cl\u00e1nek p\u00ed\u0161e Mirka<\/p>\n\n\n","protected":false},"excerpt":{"rendered":"<p>Dal\u0161\u00ed fotografie z t\u00e9to akce ZDE. \u010cl\u00e1nek p\u00ed\u0161e Mirka<\/p>\n","protected":false},"author":67,"featured_media":0,"comment_status":"open","ping_status":"closed","sticky":false,"template":"","format":"standard","meta":{"ngg_post_thumbnail":0,"footnotes":""},"categories":[2],"tags":[],"class_list":["post-5579","post","type-post","status-publish","format-standard","hentry","category-kulturni-ctvrtky"],"_links":{"self":[{"href":"https:\/\/www.infopoint.cz\/polsko\/wp-json\/wp\/v2\/posts\/5579","targetHints":{"allow":["GET"]}}],"collection":[{"href":"https:\/\/www.infopoint.cz\/polsko\/wp-json\/wp\/v2\/posts"}],"about":[{"href":"https:\/\/www.infopoint.cz\/polsko\/wp-json\/wp\/v2\/types\/post"}],"author":[{"embeddable":true,"href":"https:\/\/www.infopoint.cz\/polsko\/wp-json\/wp\/v2\/users\/67"}],"replies":[{"embeddable":true,"href":"https:\/\/www.infopoint.cz\/polsko\/wp-json\/wp\/v2\/comments?post=5579"}],"version-history":[{"count":6,"href":"https:\/\/www.infopoint.cz\/polsko\/wp-json\/wp\/v2\/posts\/5579\/revisions"}],"predecessor-version":[{"id":5591,"href":"https:\/\/www.infopoint.cz\/polsko\/wp-json\/wp\/v2\/posts\/5579\/revisions\/5591"}],"wp:attachment":[{"href":"https:\/\/www.infopoint.cz\/polsko\/wp-json\/wp\/v2\/media?parent=5579"}],"wp:term":[{"taxonomy":"category","embeddable":true,"href":"https:\/\/www.infopoint.cz\/polsko\/wp-json\/wp\/v2\/categories?post=5579"},{"taxonomy":"post_tag","embeddable":true,"href":"https:\/\/www.infopoint.cz\/polsko\/wp-json\/wp\/v2\/tags?post=5579"}],"curies":[{"name":"wp","href":"https:\/\/api.w.org\/{rel}","templated":true}]}}