{"id":5586,"date":"2019-12-11T11:19:16","date_gmt":"2019-12-11T10:19:16","guid":{"rendered":"https:\/\/www.infopoint.cz\/polsko\/?p=5586"},"modified":"2020-02-07T09:39:24","modified_gmt":"2020-02-07T08:39:24","slug":"comming-out-2019","status":"publish","type":"post","link":"https:\/\/www.infopoint.cz\/polsko\/comming-out-2019\/","title":{"rendered":"Coming out 2019"},"content":{"rendered":"\n<p>Dnes jsme se se\u0161ly v tomto kalend\u00e1\u0159n\u00edm roce naposledy (chyb\u011bly jen Lenka s Danou J.- tak to zase o hodn\u011b p\u0159i\u0161ly\u2026).<\/p>\n<p>P\u0159edv\u00e1no\u010dn\u00ed setk\u00e1n\u00ed bylo netradi\u010dn\u011b v \u00fater\u00fd a hlavn\u011b netradi\u010dn\u011b se srazem u Lucky doma. Tradi\u010dn\u00ed u\u017e ale byla dobr\u00e1 n\u00e1lada, d\u016fle\u017eit\u00e9 diskuze, v\u00fdborn\u00e9 poho\u0161t\u011bn\u00ed (v\u010detn\u011b cukrov\u00ed) a v\u00fdpravy za kulturn\u00edmi z\u00e1\u017eitky zakon\u010den\u00e9 v\u00fdborn\u00fdm ob\u011bdem.<\/p>\n<ol start=\"11\">\n<li>ro\u010dn\u00edk v\u00fdstavy <strong>COMING OUT<\/strong> je um\u011bleck\u00fd projekt, kter\u00fd se ji\u017e stal sou\u010d\u00e1st\u00ed kulturn\u00edho kalend\u00e1\u0159e Var\u0161avy \u2013 a t\u0159et\u00edm rokem i sou\u010d\u00e1st\u00ed na\u0161\u00ed.<\/li>\n<\/ol>\n<p>Akademie v\u00fdtvarn\u00fdch um\u011bn\u00ed ve Var\u0161av\u011b na n\u011bm prezentuje nejzaj\u00edmav\u011bj\u0161\u00ed diplomov\u00e9 pr\u00e1ce (celkem 33 diplom\u016f) sv\u00fdch absolvent\u016f z\u00a0oboru malba, socha\u0159stv\u00ed, grafika, konzervace a restaurov\u00e1n\u00ed um\u011bleck\u00fdch d\u011bl, interi\u00e9rov\u00e1 architektura, design, medi\u00e1ln\u00ed um\u011bn\u00ed, sc\u00e9nografie a spr\u00e1va kultury.<\/p>\n<p>Pr\u00e1ce jsou v\u017edy p\u0159edstaveny na netradi\u010dn\u00edm jedine\u010dn\u00e9m prostoru, letos je to na plo\u0161e t\u00e9m\u011b\u0159 3 000 m2 v\u00a0 je\u0161t\u011b nedokon\u010den\u00e9 \u010d\u00e1sti kancel\u00e1\u0159sk\u00e9 budovy Wola Retro \u2013 v m\u00edst\u011b, kde se historie setk\u00e1v\u00e1 s modernost\u00ed.<\/p>\n<p>V\u0161echny pr\u00e1ce popisovat nebudu \u2013 n\u011bkter\u00e9 n\u00e1s zaujaly v\u00edce, n\u011bkter\u00e9 se zd\u00e1ly a\u017e moc jednoduch\u00e9, aby byly vrcholem studia takov\u00e9to \u0161koly (\u201etelefony\u201c), n\u011bkte\u0159\u00ed mlad\u00ed vypadali, \u017ee pro\u017eili v\u00a0d\u011btstv\u00ed asi dost velk\u00e9 trauma (\u201e\u017eivot a smrt s\u00a0nafukovac\u00edmi balonky\u201c nebo \u201esexu\u00e1ln\u00ed orgie na sen\u011b\u201c).<\/p>\n<h4>Nej za na\u0161\u00ed \u010deskou komisi je asi pr\u00e1ce nazvan\u00e1 Osam\u011blost. <img loading=\"lazy\" decoding=\"async\" class=\"SzDcob alignright\" src=\"https:\/\/lh3.googleusercontent.com\/vZt4U0VALmmxRzYhvKCL_gOUnyY_iOeqqorcCobmXrWRIxIcigJgbqbQhW0_sN-VOx3MKed4eg4Lvpr3Zf5QouH8BdAZ7hpqXwuXvtR3-WFsFxqdmz6bcFiz60Kvga0OipU8zVNp5Nzt6EthYCauwHOXntdD17opsC7aIRkfFV-XUDMjl0nLi8fWAvDu2hzElLONlt3ITDUsGaJCU7jCuPNSIJNq97TY8MlG5J81ypQBr82bDWFj1ZUT3TYBwxNsk5qbG0Rlh8el9OWvhw46tpjQcRbTWZgbOVFtfE4MsWPubimmG2E8yrBboq6eodYxxc4_GEk2HOkPD4uShTf3epfiXMXmLfK0p1KYS8ZbKpAmiLOL69cB6nVv8cPRsf4GcJ4Va9XE_qAVlzxqxI4vn1ppv2qcsewTbSvEw0LhBE2vZjlrT4LYRytcS6HiHvQGgOSfHv-Bj3dOT8RivzKb7CSs9aj63JDfN6ZvJJOM3C51azkF2438kHbbqqTHwvCMFeEoLSHT56H-3TbTm-2-SFVDn9FBI4DBFLimzEiU49I8KZ5gqLTV0S4jnwbKkpgZsjW7QT92DqWPxSy63kzxsaUDlsqvNNN1TPaRWbsTi2_cy7uERvEfHjjoqW45m9JxORcyi_za8C8KfcUzVz-jYBTS7YbWS_VP9sgY7pUeYggulun1vh1XKfDeZu-hIBpnmeMTsYnK6r0ISGQLcOa_V-1HXVGGkoXWqj5aEOg3DyQ1zfAY=s983-no\" width=\"299\" height=\"299\" data-atf=\"false\" data-iml=\"1867515\" aria-label=\"Kol\u00e1\u017e \u2013 Fotka \u2013 \u010ctverec \u2013 10. 12. 2019 12:39:26\" \/><\/h4>\n<p>Autor cht\u011bl zobrazit dva sv\u011bty, ve kter\u00fdch v\u00a0podstat\u011b ka\u017ed\u00fd den \u017eijeme &#8211; na stran\u011b jedn\u00e9 je to dav (bzu\u010d\u00edc\u00ed mno\u017estv\u00ed lid\u00ed), na stran\u011b druh\u00e9 pak vnit\u0159n\u00ed sv\u011bt ka\u017ed\u00e9ho \u010dlov\u011bka. \u017dijeme mezi lidmi, m\u00edj\u00edme je ka\u017ed\u00fd den, tr\u00e1v\u00edme \u010das na stejn\u00fdch m\u00edstech. Proj\u00ed\u017ed\u00edme kolem lid\u00ed, ale vid\u00edme jen siluety, n\u011bkdy pozornost upout\u00e1 detail. Statistiky v\u0161ak uv\u00e1d\u011bj\u00ed, \u017ee jeden ze \u010dty\u0159 lid\u00ed se c\u00edt\u00ed osam\u011bl\u00fd a nen\u00ed tu nikdo, s\u00a0k\u00fdm by si pohovo\u0159il o d\u016fle\u017eit\u00fdch v\u011bcech.<\/p>\n<p><img loading=\"lazy\" decoding=\"async\" class=\"SzDcob alignleft\" src=\"https:\/\/lh3.googleusercontent.com\/NWncMtM6Ys-ifNiSbkziWcH_sjnvmV8-PVYz9ICvy6M-431DYDMsOcn5cc5sRc0V6Lja-fm1f6bVSKel3Dojr88eXIHW0cqP8EjU0P-VoSzRHfMwZuo1CjynZyvviGt6gy2ATMwighUhiGKrjJ6IArP6AlzTrDCc2E2d9oPYx0OgrgfHY4yvdgUVZfoNKywptE3NGS1RyjMEACSh34uqbDdxYPjp56vxztZvoSQLO7sW7LNprK9aa9mMB2_w51fBP4q5xOXaL4IzEJetdJwf3EPi81ToLSO-JFlLEYMCkPQjfb6J-7qq4hvuLysS61iqAugev-zlscF_r78rW0aZ0fJKR_yGZ_YD1B2pP6-PcDoG57c-cT-IntOs7zx1X3mFACsaAwz9iUHuJYKZ0wwraFQjMwoEOUJtFAjDTZeqIQd2a-BAUnoHHc1ZMOjjL24ZfGPmvdVByGx3UxbIDJj3BTH_OF1KrAHsJv9EgZzoL75EPtkn9vWuu86frHQK-w0b8V8zCFOqk9EGfXCoIOCWdmOeLvA5ef8fBvdqF41LKiUU6hESyXJCItVUV9wc5IHfOMi5Q2gKkjAbRvn-8It_4OTSIFHoUbrNyV5HdetfGhW3VK-UMSIV76R-2LaKy2oJF0EozdTjtKLAsxQ9EDAfcxi50EBWhhCqf6-Lr4DyUgS5zM2K0GM84mI=w738-h983-no\" width=\"160\" height=\"214\" data-atf=\"false\" data-iml=\"18214\" aria-label=\"Fotka \u2013 Na v\u00fd\u0161ku \u2013 10. 12. 2019 12:34:36\" \/>Moje osobn\u00ed dal\u0161\u00ed nej byla i pr\u00e1ce studentky socha\u0159stv\u00ed nazvan\u00e1 Nomada. R\u016fzn\u00e9 krychle ze d\u0159eva, kter\u00e9 mohou b\u00fdt libovoln\u00fdm zp\u016fsobem pospojov\u00e1ny jako v\u00fdraz cesty, putov\u00e1n\u00ed. Nastaven\u00ed mohou b\u00fdt podle slov autorky libovoln\u00e1 &#8211; v z\u00e1vislosti na prostoru, sv\u011btle, emoc\u00edch nebo temperamentu. Moje osobn\u00ed spojen\u00ed bych pojala jako stolky do n\u011bjak\u00e9 kav\u00e1rny, u kter\u00fdch je p\u0159\u00edjemn\u00e9 posed\u011bt a s\u00a0p\u0159\u00e1teli si popov\u00eddat.<\/p>\n<p>U p\u0159\u00edjemn\u00e9ho stolku jsme dnes n\u00e1\u0161 spole\u010dn\u00fd den za\u010dali, u dal\u0161\u00edho p\u0159\u00edjemn\u00e9ho stolu s\u00a0v\u00fdborn\u00fdm j\u00eddlem v\u00a0japonsk\u00e9 restauraci <a href=\"https:\/\/www.shoku.pl\/\">Shoku<\/a> i spole\u010dn\u00fd den kon\u010d\u00edme.<img loading=\"lazy\" decoding=\"async\" class=\"SzDcob alignright\" src=\"https:\/\/lh3.googleusercontent.com\/mLsRkL29dYRpeFwNJgUFGHOS4yvyXPYBupDsG2ZPA_EGiE8dez2Vtzq_FTQDNdj4zl8dwG_6tzAFAf8-Qi240hqUPAwnZN_xRkMg3hCV8hpweONQCvXn0NC7iFsInc3fGknsFce3Szu_qmC3PnQvjgm-B9CPib29UOYr23wPT8QHkXETHzgCI-sf6Z9KKLUYM6vvfw_9-EWJRJSlVA_SL6380ZZ-C0fkTKMMYfzseNyMsawbi2VpgeZr6dezMl-aAAop9vCvC6Ty21bYNCR9Lh-F1OSMjYT94cx8oPYRHvNtxG3tn7W4yIvb5jdXOUgEICgHNwkIxoD-eAZwwBZFyHfa2Wpoa6l2eLEtIHiYl0Uv4sFe4ds-jG9kpU30q_JZKwD3dnJSSvCJMFUu2zIp6n0EFxosQLxeHGF2HFmlkWxLQVP9NkskqNqOVEiC4EObTkw085Gh0MJtXV0qy_V57gYQwXoyzvgJBS2aoqWQUqbltCUinT7Dpb7KfWdTBAlQAFz7n3A2txIQyYpk0CJg9cVKcwwNzfMy7QheieNx-A2Wxh6RCi4ZeYuB7Kc3hX7am9Ip_ty1nQnrbPj0-LeS8dVi2AAg-AiHKafxmkMf-b5qoJIKFYbagbzIwxYAnBh1pOpGPlLtnMd1XOgy5ilgXEnHi-PXA2j_zraGd57N7Jjh-7wndzU2jvMUkYC1dkkOL2uigMnLZP2hE8yV6_mXACtgYkZw3d37p0jVTxVFVwx-N-6C=w1309-h983-no\" width=\"215\" height=\"161\" data-atf=\"false\" data-iml=\"235337\" aria-label=\"Fotka \u2013 Na \u0161\u00ed\u0159ku \u2013 10. 12. 2019 13:56:07\" \/><\/p>\n<p>V\u0161e op\u011bt na v\u00fdbornou, d\u00edky za to!\u00a0<\/p>\n<p>\u00a0<\/p>\n<p>Dal\u0161\u00ed fotografie z t\u00e9to akce <a href=\"https:\/\/photos.app.goo.gl\/1z7YSjyFf6HAaeia9\">ZDE.<\/a><\/p>\n<p>P\u0159\u00edsp\u011bvek k akci konan\u00e9 10.12.2019 napsala Monika.<\/p>\n","protected":false},"excerpt":{"rendered":"<p>Dnes jsme se se\u0161ly v tomto kalend\u00e1\u0159n\u00edm roce naposledy (chyb\u011bly jen Lenka s Danou J.- tak to zase o hodn\u011b p\u0159i\u0161ly\u2026). P\u0159edv\u00e1no\u010dn\u00ed setk\u00e1n\u00ed bylo netradi\u010dn\u011b v \u00fater\u00fd a hlavn\u011b netradi\u010dn\u011b se srazem u Lucky doma. Tradi\u010dn\u00ed u\u017e ale byla dobr\u00e1 n\u00e1lada, d\u016fle\u017eit\u00e9 diskuze, v\u00fdborn\u00e9 poho\u0161t\u011bn\u00ed (v\u010detn\u011b cukrov\u00ed) a v\u00fdpravy za kulturn\u00edmi z\u00e1\u017eitky zakon\u010den\u00e9 v\u00fdborn\u00fdm ob\u011bdem. [&hellip;]<\/p>\n","protected":false},"author":67,"featured_media":0,"comment_status":"open","ping_status":"closed","sticky":false,"template":"","format":"standard","meta":{"ngg_post_thumbnail":0,"footnotes":""},"categories":[2],"tags":[],"class_list":["post-5586","post","type-post","status-publish","format-standard","hentry","category-kulturni-ctvrtky"],"_links":{"self":[{"href":"https:\/\/www.infopoint.cz\/polsko\/wp-json\/wp\/v2\/posts\/5586","targetHints":{"allow":["GET"]}}],"collection":[{"href":"https:\/\/www.infopoint.cz\/polsko\/wp-json\/wp\/v2\/posts"}],"about":[{"href":"https:\/\/www.infopoint.cz\/polsko\/wp-json\/wp\/v2\/types\/post"}],"author":[{"embeddable":true,"href":"https:\/\/www.infopoint.cz\/polsko\/wp-json\/wp\/v2\/users\/67"}],"replies":[{"embeddable":true,"href":"https:\/\/www.infopoint.cz\/polsko\/wp-json\/wp\/v2\/comments?post=5586"}],"version-history":[{"count":8,"href":"https:\/\/www.infopoint.cz\/polsko\/wp-json\/wp\/v2\/posts\/5586\/revisions"}],"predecessor-version":[{"id":5674,"href":"https:\/\/www.infopoint.cz\/polsko\/wp-json\/wp\/v2\/posts\/5586\/revisions\/5674"}],"wp:attachment":[{"href":"https:\/\/www.infopoint.cz\/polsko\/wp-json\/wp\/v2\/media?parent=5586"}],"wp:term":[{"taxonomy":"category","embeddable":true,"href":"https:\/\/www.infopoint.cz\/polsko\/wp-json\/wp\/v2\/categories?post=5586"},{"taxonomy":"post_tag","embeddable":true,"href":"https:\/\/www.infopoint.cz\/polsko\/wp-json\/wp\/v2\/tags?post=5586"}],"curies":[{"name":"wp","href":"https:\/\/api.w.org\/{rel}","templated":true}]}}