{"id":5604,"date":"2020-01-27T10:57:10","date_gmt":"2020-01-27T09:57:10","guid":{"rendered":"https:\/\/www.infopoint.cz\/polsko\/?p=5604"},"modified":"2026-01-27T12:04:23","modified_gmt":"2026-01-27T11:04:23","slug":"zacheta-a-scenografie","status":"publish","type":"post","link":"https:\/\/www.infopoint.cz\/polsko\/zacheta-a-scenografie\/","title":{"rendered":"Zacheta a sc\u00e9nografie"},"content":{"rendered":"\r\n<p>R\u00e1no bylo pon\u011bkud nevl\u00eddn\u00e9 a chladn\u00e9, ale kdy\u017e jsme se b\u011bhem dopoledne p\u0159esouvaly od Dany k muzeu Zacheta, za\u010dalo se po\u010das\u00ed vylep\u0161ovat a vyjas\u0148ovat. Cestou jsme se je\u0161t\u011b stavily v kav\u00e1rn\u011b v centru, kde jsme si ud\u011blaly kr\u00e1tkou pauzu na ob\u010derstven\u00ed. A b\u011bhem p\u011b\u0161\u00edho p\u0159esunu z&nbsp;kav\u00e1rny do muzea jsme si na jednom chodn\u00edku pov\u0161imly Aleje hv\u011bzd, na kter\u00fdch byly pops\u00e1ny zaj\u00edmav\u00e9 v\u00fdroky z&nbsp;film\u016f.<\/p>\r\n<p>V&nbsp;muzeu Zacheta byly n\u011bkter\u00e9 z&nbsp;n\u00e1s poprv\u00e9 a bylo to p\u0159\u00edjemn\u00e9 p\u0159ekvapen\u00ed. Tentokr\u00e1t n\u00e1s tu \u010dekala v\u00fdstava v\u011bnuj\u00edc\u00ed se p\u0159edev\u0161\u00edm polsk\u00e9 sc\u00e9nografii.<\/p>\r\n<p>Ne\u017e jsme se ale pono\u0159ily do v\u00fdstavn\u00edho prostoru, po\u0159\u00eddily jsme si p\u00e1r fotek z&nbsp;kr\u00e1sn\u00e9ho interi\u00e9ru muzea a zdokumentovaly i neobvykle prostorn\u00e9 toalety ?.<\/p>\r\n<p>Samotn\u00e1 v\u00fdstava se sna\u017eila uk\u00e1zat, jak se za posledn\u00edch 120 let m\u011bnil zp\u016fsob estetiky, kompozice i dramaturgie nejen v&nbsp;divadeln\u00edch p\u0159edstaven\u00edch, ale i&nbsp;r\u016fzn\u00fdch spole\u010densk\u00fdch akc\u00edch.<\/p>\r\n<p>Sc\u00e9nografie p\u0159ed zhruba 120ti lety pou\u017e\u00edvala \u010dasto polsk\u00e9 lidov\u00e9 prvky a byla ovlivn\u011bna buditelsk\u00fdm n\u00e1rodn\u00edm duchem, a to i kdy\u017e se hr\u00e1ly nap\u0159. antick\u00e9 hry. Jedn\u00edm z&nbsp;divadel, kde se prosazoval takov\u00fdto typ sc\u00e9nografie, bylo nap\u0159\u00edklad nov\u00e9 divadlo Stanislawa Wyspia\u0144sk\u00e9ho z&nbsp;po\u010d\u00e1tku 20.stolet\u00ed. Wypia\u0144ski byl&nbsp; nad\u0161en a inspirov\u00e1n p\u0159edev\u0161\u00edm polskou p\u0159edk\u0159es\u0165anskou mytologi\u00ed.<\/p>\r\n<p><img decoding=\"async\" class=\"transparent\" src=\"https:\/\/lh3.googleusercontent.com\/ql7gttakvBe-6osoepvjqNWt68d3ogTH1py8EIGhYkh1MnyWh19ZeDXTWxkJbcMn96cW_EBEdsjU7yshQM_qqUuByGWK9_thuWT0UZm2ZnDZ1MOGr3hpOszBPLszC0GIGhCzk18MitZhgcdpCuMMbx7Xod5ADWZGoXTWNJTrpOl6SWI7oixZLjA5iSNqE0HhswKSSBI_SlM5wirDbE2gD2iu9okgAPiXU-rNmn1_wtD9oyd-aOG8m3RvsYwHWBKwh78xzzs6wwXIDNlj-HdZSoVVB4o-VCmkE0pSp2uwrYGP3p8ccK2ZMsZJ3FBLIY9eUoEVXnJfZonAG7Pf1_0ZBlSf-Xaxj1aoyNggdeWQKHHs9poQvz-gQ0wmidhO7MbL08m8OzNFcK-COvUsGNTH2Uy3d_UQOla_HopU7U_ukbxFXr65bdzsEUc2HeAJe8k_kMxOlkawGNhejS7pmTeZy-1MxkUw6CeZ3v-ioqQ7g4N0cGTQm34nW3YiJOUyA-dRgX8UC8xCfZjEAqxM2B4H3PL2tp2L1r3Mufe_hrHbAb8_ncQTL60wa7o7KJ2_YBWGRDe-w8u79FAr-zq6yRDZZ4RU7tOtB3bPzvmSiTGkiAwjXYf099mdZhrj68pKBIBxRSB9Fw3g7ZNnUw2256qskBCqv4PmT9ChUWMxfB_Jn6oijTjqaaeSAfBvLICxUoBIkumYU-28a1isUzZJGtLkgx60vGMD00ITAF7jta36eN430mw=w972-h730-no\" alt=\"https:\/\/lh3.googleusercontent.com\/ql7gttakvBe-6osoepvjqNWt68d3ogTH1py8EIGhYkh1MnyWh19ZeDXTWxkJbcMn96cW_EBEdsjU7yshQM_qqUuByGWK9_thuWT0UZm2ZnDZ1MOGr3hpOszBPLszC0GIGhCzk18MitZhgcdpCuMMbx7Xod5ADWZGoXTWNJTrpOl6SWI7oixZLjA5iSNqE0HhswKSSBI_SlM5wirDbE2gD2iu9okgAPiXU-rNmn1_wtD9oyd-aOG8m3RvsYwHWBKwh78xzzs6wwXIDNlj-HdZSoVVB4o-VCmkE0pSp2uwrYGP3p8ccK2ZMsZJ3FBLIY9eUoEVXnJfZonAG7Pf1_0ZBlSf-Xaxj1aoyNggdeWQKHHs9poQvz-gQ0wmidhO7MbL08m8OzNFcK-COvUsGNTH2Uy3d_UQOla_HopU7U_ukbxFXr65bdzsEUc2HeAJe8k_kMxOlkawGNhejS7pmTeZy-1MxkUw6CeZ3v-ioqQ7g4N0cGTQm34nW3YiJOUyA-dRgX8UC8xCfZjEAqxM2B4H3PL2tp2L1r3Mufe_hrHbAb8_ncQTL60wa7o7KJ2_YBWGRDe-w8u79FAr-zq6yRDZZ4RU7tOtB3bPzvmSiTGkiAwjXYf099mdZhrj68pKBIBxRSB9Fw3g7ZNnUw2256qskBCqv4PmT9ChUWMxfB_Jn6oijTjqaaeSAfBvLICxUoBIkumYU-28a1isUzZJGtLkgx60vGMD00ITAF7jta36eN430mw=w972-h730-no\"><\/p>\r\n<p>Pro lep\u0161\u00ed p\u0159edstavu zde byly vystaveny makety sc\u00e9nografi\u00ed, nap\u0159. k&nbsp;p\u0159edstaven\u00ed Dziady od Adama Mickiewicze.<\/p>\r\n<p>A po zhl\u00e9dnut\u00ed videa s&nbsp;projevem Stalina a s&nbsp;t\u00edm souvisej\u00edc\u00edm pr\u016fvodem jsme nostalgicky zavzpom\u00ednaly na \u010deskoslovensk\u00e9 prvom\u00e1jov\u00e9 pr\u016fvody, p\u0159i\u010dem\u017e jsme zjistily, \u017ee n\u011bkter\u00fdm z n\u00e1s to i chyb\u00ed, jeliko\u017e to vn\u00edmaly jako legraci a den bez u\u010den\u00ed.<\/p>\r\n<p>K&nbsp;vid\u011bn\u00ed tu byly i zaj\u00edmav\u00e9 obrazy nebo kostra kon\u011b, kter\u00e1 byla tak\u00e9 vyu\u017eita v&nbsp;jednom divadeln\u00edm p\u0159edstaven\u00ed.<\/p>\r\n<p>Pon\u011bkud zvl\u00e1\u0161tn\u00ed pojet\u00ed sc\u00e9nografie zachycovaly fotografie sc\u00e9ny&nbsp;bl\u00e1zince, kde t\u0159i \u017eelezn\u00e9 nemocni\u010dn\u00ed palandy slou\u017eily jako n\u00e1stroj hran\u00ed, p\u0159i\u010dem\u017e na nich sed\u00edc\u00ed div\u00e1ci byli vtahov\u00e1ni do kontaktu s&nbsp;herci.<\/p>\r\n<p>V&nbsp;roce 1919 bylo ve Var\u0161av\u011b zalo\u017eeno divadlo Reduta, kter\u00e9 ve dvac\u00e1t\u00fdch a t\u0159ic\u00e1t\u00fdch letech 20.stolet\u00ed vyj\u00ed\u017ed\u011blo na turn\u00e9 a p\u0159iv\u00e1\u017eelo divadeln\u00ed p\u0159edstaven\u00ed do v\u011bt\u0161\u00edch i men\u0161\u00edch m\u011bst na polsk\u00e9m \u00fazem\u00ed. Toto pohybliv\u00e9 divadlo se p\u0159emis\u0165ovalo vlaky.<\/p>\r\n<p>Z&nbsp;nov\u011bj\u0161\u00edch a nedivadeln\u00edch sc\u00e9n byly vybr\u00e1ny fotografie z&nbsp;fotbalov\u00fdch z\u00e1pas\u016f Legia Warszawa, kter\u00e9 zachycovaly nap\u0159. bezhlavou postavu n\u011bmeck\u00e9ho voj\u00e1ka dr\u017e\u00edc\u00edho pistoli u hlavy mal\u00e9ho chlapce, v&nbsp;pozad\u00ed polsk\u00e1 vlajka s&nbsp;rokem 1944. Tato jen p\u00e1r let star\u00e1 sc\u00e9na, jak bylo z\u00e1rove\u0148 pops\u00e1no pod t\u00edmto v\u00fdjevem, poukazovala na fakt, \u017ee b\u011bhem Var\u0161avsk\u00e9ho povst\u00e1n\u00ed v&nbsp;roce 1944 N\u011bmci zabili 160 000 lid\u00ed a tis\u00edce z&nbsp;nich byly d\u011bti. Je tedy vid\u011bt, \u017ee Pol\u00e1ci tuto ud\u00e1lost st\u00e1le vn\u00edmaj\u00ed velmi intenzivn\u011b a \u017ee sc\u00e9nografie m\u016f\u017ee m\u00edt opravdu mnoho podob.<\/p>\r\n<p>Pro odleh\u010den\u00ed n\u00e1lady n\u00e1sledn\u011b poslou\u017eila \u010dernob\u00edl\u00e1 fotografie, na kter\u00e9 dirigent stoj\u00ed na sch\u016fdk\u00e1ch na okraji mo\u0159e a jakoby diriguje vlny, p\u0159i\u010dem\u017e za n\u00edm, na pl\u00e1\u017eov\u00fdch leh\u00e1tk\u00e1ch, sed\u00ed obecenstvo om\u00fdvan\u00e9 vlnami.<\/p>\r\n<p>Ke konci v\u00fdstavy jsme vstoupily do m\u00edstnosti, ve kter\u00e9 se nad n\u00e1mi rozprost\u00edrala velk\u00e1 \u010dern\u00e1 neforemn\u00e1 pohybliv\u00e1 sc\u00e9na-l\u00e1tka, kter\u00e1 reagovala na lidsk\u00fd pohyb a dotyk t\u00edm, \u017ee se zvedala a n\u00e1sledn\u011b klesala. Na n\u011bkter\u00e9 z&nbsp;n\u00e1s to p\u016fsobilo nep\u0159\u00edjemn\u011b a\u017e depresivn\u011b. A tak jsme p\u0159iv\u00edtaly zm\u011bnu prost\u0159ed\u00ed odchodem na ob\u011bd v&nbsp;muzejn\u00ed restauraci.<\/p>\r\n<p><a href=\"https:\/\/photos.app.goo.gl\/4WDMTPkhq47PJxM97\">Fotogalerie<\/a><\/p>\r\n<p>Pro Kulturn\u00ed \u010dtvrtek 16.1.2019 napsala Lucie<\/p>\r\n<p>&nbsp;<\/p>\r\n<p>&nbsp;<\/p>\r\n<p>&nbsp;<\/p>\r\n\r\n\r\n","protected":false},"excerpt":{"rendered":"<p>R\u00e1no bylo pon\u011bkud nevl\u00eddn\u00e9 a chladn\u00e9, ale kdy\u017e jsme se b\u011bhem dopoledne p\u0159esouvaly od Dany k muzeu Zacheta, za\u010dalo se po\u010das\u00ed vylep\u0161ovat a vyjas\u0148ovat. Cestou jsme se je\u0161t\u011b stavily v kav\u00e1rn\u011b v centru, kde jsme si ud\u011blaly kr\u00e1tkou pauzu na ob\u010derstven\u00ed. A b\u011bhem p\u011b\u0161\u00edho p\u0159esunu z&nbsp;kav\u00e1rny do muzea jsme si na jednom chodn\u00edku pov\u0161imly Aleje [&hellip;]<\/p>\n","protected":false},"author":67,"featured_media":0,"comment_status":"open","ping_status":"closed","sticky":false,"template":"","format":"standard","meta":{"ngg_post_thumbnail":0,"footnotes":""},"categories":[2],"tags":[],"class_list":["post-5604","post","type-post","status-publish","format-standard","hentry","category-kulturni-ctvrtky"],"_links":{"self":[{"href":"https:\/\/www.infopoint.cz\/polsko\/wp-json\/wp\/v2\/posts\/5604","targetHints":{"allow":["GET"]}}],"collection":[{"href":"https:\/\/www.infopoint.cz\/polsko\/wp-json\/wp\/v2\/posts"}],"about":[{"href":"https:\/\/www.infopoint.cz\/polsko\/wp-json\/wp\/v2\/types\/post"}],"author":[{"embeddable":true,"href":"https:\/\/www.infopoint.cz\/polsko\/wp-json\/wp\/v2\/users\/67"}],"replies":[{"embeddable":true,"href":"https:\/\/www.infopoint.cz\/polsko\/wp-json\/wp\/v2\/comments?post=5604"}],"version-history":[{"count":6,"href":"https:\/\/www.infopoint.cz\/polsko\/wp-json\/wp\/v2\/posts\/5604\/revisions"}],"predecessor-version":[{"id":6294,"href":"https:\/\/www.infopoint.cz\/polsko\/wp-json\/wp\/v2\/posts\/5604\/revisions\/6294"}],"wp:attachment":[{"href":"https:\/\/www.infopoint.cz\/polsko\/wp-json\/wp\/v2\/media?parent=5604"}],"wp:term":[{"taxonomy":"category","embeddable":true,"href":"https:\/\/www.infopoint.cz\/polsko\/wp-json\/wp\/v2\/categories?post=5604"},{"taxonomy":"post_tag","embeddable":true,"href":"https:\/\/www.infopoint.cz\/polsko\/wp-json\/wp\/v2\/tags?post=5604"}],"curies":[{"name":"wp","href":"https:\/\/api.w.org\/{rel}","templated":true}]}}