{"id":5607,"date":"2020-01-27T11:08:41","date_gmt":"2020-01-27T10:08:41","guid":{"rendered":"https:\/\/www.infopoint.cz\/polsko\/?p=5607"},"modified":"2020-01-30T16:07:47","modified_gmt":"2020-01-30T15:07:47","slug":"muzeum-sportu-a-turistiky","status":"publish","type":"post","link":"https:\/\/www.infopoint.cz\/polsko\/muzeum-sportu-a-turistiky\/","title":{"rendered":"Muzeum sportu a turistiky"},"content":{"rendered":"\n<div>Nezadr\u017eiteln\u011b se bl\u00ed\u017e\u00ed konec ledna, ale zima a s n\u00ed spojen\u00e1 sn\u011bhov\u00e1 pokr\u00fdvka je st\u00e1le v nedohlednu.\u00a0Venku dnes panovalo nep\u0159\u00edli\u0161\u00a0 vl\u00eddn\u00e9 po\u010das\u00ed, a tak n\u00e1m p\u0159i\u0161ly vhod r\u016fzn\u00e9 druhy na\u0161\u00ed obl\u00edben\u00e9 &#8222;herbatki zimowe&#8220; a sn\u00eddan\u011b v je\u0161t\u011b obl\u00edben\u011bj\u0161\u00ed Kawiarnie Kafka.\u00a0<\/div>\n<div>\u00a0<\/div>\n<div>Proto\u017ee velk\u00e1 \u010d\u00e1st z n\u00e1s je\u0161t\u011b nem\u011bla tu p\u0159\u00edle\u017eitost nav\u0161t\u00edvit Muzeum sportu i turystyki, nastal \u010das to napravit. N\u011bkdo lovil v pam\u011bti,\u00a0 pro jin\u00e9 to byl nov\u00fd z\u00e1\u017eitek a velk\u00e9 p\u0159ekvapen\u00ed, ale pro v\u0161echny inspirace na hezk\u00fd jarn\u00ed v\u00fdlet s d\u011btmi.\u00a0Do olympijsk\u00e9ho centra postaven\u00e9ho ve tvaru elipsy se muzeum p\u0159est\u011bhovalo v roce 2005. Krom\u011b sportovn\u00edho oble\u010den\u00ed a vybaven\u00ed jsou v muzeu k vid\u011bn\u00ed medaile, mince, vlajky, plakety, poh\u00e1ry, ale i sochy, knihy a fotografie. Dokonce zde byla k vid\u011bn\u00ed i v\u00fdstava textili\u00ed. Na\u0161i pozornosti neunikl plak\u00e1t s pozv\u00e1nkou na l\u00e1kav\u00fd kulin\u00e1\u0159sk\u00fd v\u00edkend do Pal\u00e1ce kultury.<\/div>\n<div>\u00a0<\/div>\n<div><img loading=\"lazy\" decoding=\"async\" class=\"SzDcob\" src=\"https:\/\/lh3.googleusercontent.com\/PP-Y8vUldh0IJmJt1XbdJ12xbnyhWHprl8RSqX685-xtpiV1VXn77S9LChvDYhmo5h8I6-qlIsg8p-ybx2OmAFFICWPFneXfUjwHBOUVsTxw6rfTk_pVxiM75YdBl8Ovdam00AhsC4wMTaG_pcdTv1aysCY0CN0QGMNY9-MO_71nJfPaW1588NhwXUQsqj4gj4hFdIzIYtN2lsfTUWqfOuzrlux59UcK0au1Uw6TLvyB6eY42bKTqtl9MIlR7zQHBZ-ZIgkLHigGBTn_usyvNfughBoT-D9b_hBLlgF8BAi7hv1F1pcun5__Svuugs6mRZmaF0ST3GqtnQwRwpaAVhn5cXC_dbBJMk_GKhfHktX0Ign7n5U41Zg_VqE2Os0BGgz6AJIIPpB9ieQvPA2HoIYvm2HNvxEBTbigvlyXcqrW3nqqpDVZqg8tZEVDYHRwdMj_YZRwqBhFwfmkA4BjwZTHm5wJkvhMikDoEHNlQ5fGWuCUcKyW3bDy92m0Bl0pilZga5da6k5mwRzIgPjLFeX2NO2uIW2oBWCvlxTCPzFQ8090yjiOFGdIZ_0NvuIGQM3s5hpSvYF0nb3yPfcRXcTLIYYqyv5S30v-N1cotrLGQ6xy5Md7rDvKbeDD34uGNqZ-g-lBrrecbPkm6MwtECL0A511m6TbvsPT029iFWjk_mZCepc_plI6N6IYGdJvrOMygBHrZ_1uh9uWNbAYnFl-10YB17vAJBk34FpH9VaW0P0=s962-no\" width=\"962\" height=\"962\" data-atf=\"false\" data-iml=\"936939\" aria-label=\"Kol\u00e1\u017e \u2013 Fotka \u2013 \u010ctverec \u2013 23. 1. 2020 14:51:43\" \/><\/div>\n<div>\u00a0<\/div>\n<div>B\u011bhem ob\u011bda v restauraci Moonsfera na n\u00e1s zap\u016fsobil zmrzlinov\u00fd dezert s \u010dokol\u00e1dovou planetkou p\u0159elit\u00fd hork\u00fdmi malinami. Koho by to napadlo, takov\u00e1 mali\u010dkost a tolik radosti :).<\/div>\n<div>\u00a0<\/div>\n<div>Zamra\u010den\u00fd, ale p\u0159esto velmi vesel\u00fd den zakon\u010dilo po\u0159\u00edzen\u00ed fotografie s n\u00e1zvem &#8222;Kdo by necht\u011bl zv\u00edt\u011bzit&#8220;?<\/div>\n<div>\u00a0<\/div>\n<div>M\u016f\u017eete se pod\u00edvat i na dal\u0161\u00ed <a href=\"https:\/\/photos.app.goo.gl\/pFXeeKijjsx4troVA\">fotografie.<\/a><\/div>\n<div>\u00a0<\/div>\n<div>pro Kulturn\u00ed \u010dtvrtek 23.1.2020 napsala Margita<\/div>\n<div>\u00a0<\/div>\n","protected":false},"excerpt":{"rendered":"<p>Nezadr\u017eiteln\u011b se bl\u00ed\u017e\u00ed konec ledna, ale zima a s n\u00ed spojen\u00e1 sn\u011bhov\u00e1 pokr\u00fdvka je st\u00e1le v nedohlednu.\u00a0Venku dnes panovalo nep\u0159\u00edli\u0161\u00a0 vl\u00eddn\u00e9 po\u010das\u00ed, a tak n\u00e1m p\u0159i\u0161ly vhod r\u016fzn\u00e9 druhy na\u0161\u00ed obl\u00edben\u00e9 &#8222;herbatki zimowe&#8220; a sn\u00eddan\u011b v je\u0161t\u011b obl\u00edben\u011bj\u0161\u00ed Kawiarnie Kafka.\u00a0 \u00a0 Proto\u017ee velk\u00e1 \u010d\u00e1st z n\u00e1s je\u0161t\u011b nem\u011bla tu p\u0159\u00edle\u017eitost nav\u0161t\u00edvit Muzeum sportu i turystyki, [&hellip;]<\/p>\n","protected":false},"author":67,"featured_media":0,"comment_status":"open","ping_status":"closed","sticky":false,"template":"","format":"standard","meta":{"ngg_post_thumbnail":0,"footnotes":""},"categories":[2],"tags":[],"class_list":["post-5607","post","type-post","status-publish","format-standard","hentry","category-kulturni-ctvrtky"],"_links":{"self":[{"href":"https:\/\/www.infopoint.cz\/polsko\/wp-json\/wp\/v2\/posts\/5607","targetHints":{"allow":["GET"]}}],"collection":[{"href":"https:\/\/www.infopoint.cz\/polsko\/wp-json\/wp\/v2\/posts"}],"about":[{"href":"https:\/\/www.infopoint.cz\/polsko\/wp-json\/wp\/v2\/types\/post"}],"author":[{"embeddable":true,"href":"https:\/\/www.infopoint.cz\/polsko\/wp-json\/wp\/v2\/users\/67"}],"replies":[{"embeddable":true,"href":"https:\/\/www.infopoint.cz\/polsko\/wp-json\/wp\/v2\/comments?post=5607"}],"version-history":[{"count":4,"href":"https:\/\/www.infopoint.cz\/polsko\/wp-json\/wp\/v2\/posts\/5607\/revisions"}],"predecessor-version":[{"id":5618,"href":"https:\/\/www.infopoint.cz\/polsko\/wp-json\/wp\/v2\/posts\/5607\/revisions\/5618"}],"wp:attachment":[{"href":"https:\/\/www.infopoint.cz\/polsko\/wp-json\/wp\/v2\/media?parent=5607"}],"wp:term":[{"taxonomy":"category","embeddable":true,"href":"https:\/\/www.infopoint.cz\/polsko\/wp-json\/wp\/v2\/categories?post=5607"},{"taxonomy":"post_tag","embeddable":true,"href":"https:\/\/www.infopoint.cz\/polsko\/wp-json\/wp\/v2\/tags?post=5607"}],"curies":[{"name":"wp","href":"https:\/\/api.w.org\/{rel}","templated":true}]}}