{"id":5669,"date":"2020-02-07T09:36:02","date_gmt":"2020-02-07T08:36:02","guid":{"rendered":"https:\/\/www.infopoint.cz\/polsko\/?p=5669"},"modified":"2020-02-23T15:17:59","modified_gmt":"2020-02-23T14:17:59","slug":"dostavenicko-v-pevnosti-fort-8","status":"publish","type":"post","link":"https:\/\/www.infopoint.cz\/polsko\/dostavenicko-v-pevnosti-fort-8\/","title":{"rendered":"MIRIAM CAHN v Muzeu nad Vislou"},"content":{"rendered":"\n<p dir=\"ltr\">\u010ctvrtek\u00a0 je op\u011bt tady, po rann\u00ed rozcvi\u010dce, rozum\u011bjte \u0159e\u010di na \u010dajem a k\u00e1vou a n\u011bco mal\u00e9ho k tomu, se vyd\u00e1v\u00e1me jedn\u00edm autem k Muzeu nad Wislou. V aut\u011b n\u00e1m je\u0161t\u011b bylo do sm\u00edchu, rozeb\u00edraly jsme p\u0159edev\u0161\u00edm t\u00e9ma koronaviru a jak\u00e9 jsou nejvhodn\u011bj\u0161\u00ed ochrann\u00e9 pom\u016fcky a vyhr\u00e1ly to pet lahve, rou\u0161ky jsou k ni\u010demu, plastov\u00e1 l\u00e1hev na hlav\u011b ud\u011bl\u00e1 z\u00e1zraky. Kdyby jsme v\u011bd\u011bly co n\u00e1s \u010dek\u00e1 v muzeu, mo\u017en\u00e1 jsme rad\u011bji krou\u017eily m\u011bstem, ale \u010dekala n\u00e1s mil\u00e1 pan\u00ed Jolanta, kter\u00e1 n\u00e1s na n\u00e1v\u0161t\u011bvu jejich nejnov\u011bj\u0161\u00ed v\u00fdstavy pozvala a tak jsme v dobr\u00e9 n\u00e1lad\u011b zam\u00ed\u0159ily do muzea.<\/p>\n<p><a href=\"https:\/\/photos.app.goo.gl\/Mp2DNbLoZX5Jiang9\"><img loading=\"lazy\" decoding=\"async\" class=\"SzDcob\" src=\"https:\/\/lh3.googleusercontent.com\/5O_aIZUks81EVumeXoYs5TU87y_tqKKJzxBeujcRch0APpv4yzXpNVrtGJR1w9-UJA0noQ27bLPyh66aZw9iuiFn7EEULJUkGma37It8GT1KHIeQLQ1V9xNMzgE5Jc8-F2Rik_svoh7wS1sYkonLAzL-zs2YqkhvUNFRzHz6DsRy6gIFez57VbhyrXtRaj1eRE9xCrB8MouACPjtaIBu2wUXyJxZZvKawjS5HN29wqaICONa7LOw7hn1BfnmPYr03NxUXpLtZ_UK-mom4NNnj4FM9hW9ap5ClIF_CD7Npu5XIJPb9uPRb15DKyzgdJ7RsLf08IvFdVWckIalP8YXdNbCx5MkCNmTyxPxtffgK5_jOGEPKpSd43ra764RgJGAzb5ItfXMuSJMXOuQWToImVcuEIaQfviLQ5_uCLaKQZkPN7WmTOJJzIO5gNiRoZ3_DEdeziapF-rgx7S6Ihwqz6YeLELDe4EdbesZ8jsfghEygjl-TzDS0cG9BEBE_2xwdf4RHp58QPj8Nt7OVnBn16uvcUkxuNPkrRGj8WVsCawtCtEG9T9hy-R2fgosVZEazEscVUpFO9mSzC2VPMmq9z-WAgKtwOv3b4tFzdbOuCdAIsE-RKtKAsTvwn_nmyaoXI3SM-2cU3XH0bBj93De48e15oIfL2BYXcrrMkyk4LHrsL09WRv-R9M=s983-no\" width=\"983\" height=\"983\" data-atf=\"false\" data-iml=\"2781936\" aria-label=\"Kol\u00e1\u017e \u2013 Fotka \u2013 \u010ctverec \u2013 30. 1. 2020 13:59:23\" \/><\/a><\/p>\n<p dir=\"ltr\">V\u00fdstava Miriam Cahn s n\u00e1zvem I AS HUMAN, n\u00e1s rozhodn\u011b nenechala v klidu a dobr\u00e1 n\u00e1lada n\u00e1s taky opustila. Miriam se narodila v Basileji v \u017eidovsk\u00e9 rodin\u011b, kter\u00e1 uprchla p\u0159ed nacisty z N\u011bmecka. V 70t\u00fdch letech se p\u0159idala k feministick\u00e9mu a m\u00edrov\u00e9mu hnut\u00ed. \u010cile projevovala sv\u016fj odpor k n\u00e1sil\u00ed a nerovnostem mezi mu\u017ei a \u017eenami nejen v um\u011bn\u00ed. \u00da\u010dastnila se protest\u016f, psala petice a malovala v m\u011bstsk\u00e9m prost\u0159ed\u00ed. Jej\u00ed tvorba v\u017edy odr\u00e1\u017eela politickou realitu kolem n\u00ed. Na v\u00fdstav\u011b jsou k vid\u011bn\u00ed reakce nap\u0159. na konflikt v b\u00fdval\u00e9 Jugosl\u00e1vii, \u00fatok na Sv\u011btov\u00e9 obchodn\u00ed centrum,\u00a0 m\u00edsta deportace, zbran\u011b hromadn\u00e9ho ni\u010den\u00ed a dal\u0161\u00ed symboly moci, kontroly a n\u00e1sil\u00ed. Zobrazuje tak\u00e9 t\u00e9ma sexuality, p\u0159\u00edrody, rodinn\u00fdch vztah\u016f i smrti.\u00a0<\/p>\n<p>\u00a0<\/p>\n<p dir=\"ltr\">My jsme ve skute\u010dnosti vid\u011bly obrazy ne\u0161\u0165astn\u00fdch, frustrovan\u00fdch, hororov\u00fdch lid\u00ed, kter\u00e9 podle n\u00e1s nemohl namalovat n\u011bkdo, kdo m\u00e1 r\u00e1d ostatn\u00ed ani sebe sama. V\u00fdstava je skute\u010dn\u011b syrov\u00e1 a pro na\u0161i skupinku, mil\u00fdch, optimistick\u00fdch a \u017eivot si u\u017e\u00edvaj\u00edc \u017een jen velmi t\u011b\u017ece straviteln\u00e1. Je\u0161t\u011b, \u017ee n\u00e1s \u010dekal ob\u011bd v Dziurce od kluzca, tam u\u017e jsme dlouho nebyly a t\u011b\u0161ily jsme se.\u00a0Z muzea k restauraci jen kousek ale Dziurka od kluzca nikde\u2026.restaurace zav\u0159en\u00e1, pust\u00e1 a pr\u00e1zdn\u00e1. Po chvilce zd\u011b\u0161en\u00ed vych\u00e1z\u00ed najevo, \u017ee na\u0161e obl\u00edben\u00e1 restaurace je p\u0159est\u011bhovan\u00e1 do jin\u00e9ho kouta Var\u0161avy!!! Reakce je rychl\u00e1, vyd\u00e1v\u00e1me se do osv\u011bd\u010den\u00e9 LAS (Lokalna Atrakcja Stolicy). Tam n\u00e1m poka\u017ed\u00e9 moc chutn\u00e1.\u00a0<\/p>\n<p dir=\"ltr\">Ukon\u010d\u00edm to slovy Lucky \u201cNa tuhle v\u00fdstavu co nejrychleji zapomenout\u201d. \u010ctvrtek op\u011bt st\u00e1l za to.<\/p>\n<p dir=\"ltr\">S radost\u00ed, jako v\u017edy napsala\u00a0<\/p>\n<p dir=\"ltr\">Mirka<\/p>\n\n\n\n\n\n<p>\u00a0<\/p>\n<p>\u00a0<\/p>\n","protected":false},"excerpt":{"rendered":"<p>\u010ctvrtek\u00a0 je op\u011bt tady, po rann\u00ed rozcvi\u010dce, rozum\u011bjte \u0159e\u010di na \u010dajem a k\u00e1vou a n\u011bco mal\u00e9ho k tomu, se vyd\u00e1v\u00e1me jedn\u00edm autem k Muzeu nad Wislou. V aut\u011b n\u00e1m je\u0161t\u011b bylo do sm\u00edchu, rozeb\u00edraly jsme p\u0159edev\u0161\u00edm t\u00e9ma koronaviru a jak\u00e9 jsou nejvhodn\u011bj\u0161\u00ed ochrann\u00e9 pom\u016fcky a vyhr\u00e1ly to pet lahve, rou\u0161ky jsou k ni\u010demu, plastov\u00e1 l\u00e1hev [&hellip;]<\/p>\n","protected":false},"author":67,"featured_media":0,"comment_status":"open","ping_status":"closed","sticky":false,"template":"","format":"standard","meta":{"ngg_post_thumbnail":0,"footnotes":""},"categories":[2],"tags":[],"class_list":["post-5669","post","type-post","status-publish","format-standard","hentry","category-kulturni-ctvrtky"],"_links":{"self":[{"href":"https:\/\/www.infopoint.cz\/polsko\/wp-json\/wp\/v2\/posts\/5669","targetHints":{"allow":["GET"]}}],"collection":[{"href":"https:\/\/www.infopoint.cz\/polsko\/wp-json\/wp\/v2\/posts"}],"about":[{"href":"https:\/\/www.infopoint.cz\/polsko\/wp-json\/wp\/v2\/types\/post"}],"author":[{"embeddable":true,"href":"https:\/\/www.infopoint.cz\/polsko\/wp-json\/wp\/v2\/users\/67"}],"replies":[{"embeddable":true,"href":"https:\/\/www.infopoint.cz\/polsko\/wp-json\/wp\/v2\/comments?post=5669"}],"version-history":[{"count":9,"href":"https:\/\/www.infopoint.cz\/polsko\/wp-json\/wp\/v2\/posts\/5669\/revisions"}],"predecessor-version":[{"id":6295,"href":"https:\/\/www.infopoint.cz\/polsko\/wp-json\/wp\/v2\/posts\/5669\/revisions\/6295"}],"wp:attachment":[{"href":"https:\/\/www.infopoint.cz\/polsko\/wp-json\/wp\/v2\/media?parent=5669"}],"wp:term":[{"taxonomy":"category","embeddable":true,"href":"https:\/\/www.infopoint.cz\/polsko\/wp-json\/wp\/v2\/categories?post=5669"},{"taxonomy":"post_tag","embeddable":true,"href":"https:\/\/www.infopoint.cz\/polsko\/wp-json\/wp\/v2\/tags?post=5669"}],"curies":[{"name":"wp","href":"https:\/\/api.w.org\/{rel}","templated":true}]}}