{"id":5675,"date":"2020-02-07T09:41:43","date_gmt":"2020-02-07T08:41:43","guid":{"rendered":"https:\/\/www.infopoint.cz\/polsko\/?p=5675"},"modified":"2020-02-07T10:16:42","modified_gmt":"2020-02-07T09:16:42","slug":"dostavenicko-v-pevnosti-fort-8-2","status":"publish","type":"post","link":"https:\/\/www.infopoint.cz\/polsko\/dostavenicko-v-pevnosti-fort-8-2\/","title":{"rendered":"Dostaven\u00ed\u010dko v pevnosti Fort 8"},"content":{"rendered":"\n<p>Tentokr\u00e1t se po dohod\u011b v\u011bt\u0161iny p\u0159esunul kulturn\u00ed \u010dtvrtek na \u00fater\u00fd 4. 2. 2020. Objektem z\u00e1jmu se stal ned\u00e1vno otev\u0159en\u00fd objekt Fort 8 v\u00a0m\u011bstsk\u00e9 \u010d\u00e1sti Ursyn\u00f3w. P\u016fvodn\u00ed kas\u00e1rny byly v\u00a0letech 2015 \u2013 2019 revitalizov\u00e1ny a v sou\u010dasn\u00e9 dob\u011b se zde nach\u00e1z\u00ed obchodn\u00ed centrum pevnosti, zaj\u00edmav\u00e9 restaurace, obch\u016fdky, kade\u0159nick\u00fd salon a spole\u010dn\u011b s\u00a0prostorem p\u0159ed hlavn\u00ed budovou a p\u0159ilehl\u00fdm parkem tvo\u0159\u00ed kr\u00e1sn\u00e9 m\u00edsto pro tr\u00e1ven\u00ed voln\u00e9ho \u010dasu. V\u00fdsledek revitalizace je opravdu impozantn\u00ed a je d\u016fkazem toho, \u017ee i zapomenut\u00fdm, za\u0161l\u00fdm a neobvykl\u00fdm m\u00edst\u016fm lze d\u00e1t nov\u00fd \u017eivot.<\/p>\n<p><a href=\"https:\/\/photos.app.goo.gl\/8Za9rKSmomUBPXNy6\"><img loading=\"lazy\" decoding=\"async\" class=\"SzDcob\" src=\"https:\/\/lh3.googleusercontent.com\/_q1aeTwWnwzKLpuLnPw0kHxohkfHlIzWn8_ax0KIgakFqiLfRR-yiWUMDrIX-mmKG4uUKGI3mjr63VD1auWr2QyzXMuJ6WbjjUvwbVKWu9a9f10uoJjZSNxS15gQkmyywVFBHNtcB2gOzhPbTY8mjXY6VVVWl65ahLifMPBHN3s4Ki9e-Cu9KTw2q0WlvD0-aZIXgkJGmJfu-N0GK6vOCQhALxWaiQr6fhuw1so90uQuMq9Syw91cdLyrpw4FfXahl7bIhMk7K7MnCwABnQdrIs9WbRl4lmKokwRHPTIkh5RYI6PLx031hzaUWyUo6AePornsLepvKcdsP5bDubIf68ks6gs_3dSztbLOErUSmIk34SdWA45yP1wzA-9tSlvvFTbpXId3Px8QOOxD2QDrB0nJjr1kfD35WfTH_Ie8mRtxg2XzXS0L8k6dgvKSUvBMmTuoO4tU_5iETB0MMKeuRfv7AB-oEfJIzHGa7YnsKvSssJ33uS1QP1-2PQPfQsaW5KGIEuWlC17EGhuyQuwpFbgyuBJieqOqEUq7AKm7dcq5euOZy0LIh5o-aRuqrQubtEnkRhlNLtm-P-BfACeumTkw2JQPB-YaIP9UWdipwx_nSLV4ZylbfU9n3wQ_bRRuAhtmZcbsxrZ3MuKzbwd01I-LKWnOqh0iKcF8ggN8cA-Tjkz3z8OeTuQEK-G1m0BttQ6dxR2dAs4C51VGlcLmfPlQvCXULDdC2V5W9-kGdi5zYef=s983-no\" width=\"983\" height=\"983\" data-atf=\"false\" data-iml=\"1782222\" aria-label=\"Kol\u00e1\u017e \u2013 Fotka \u2013 \u010ctverec \u2013 4. 2. 2020 13:11:30\" data-wp-editing=\"1\" \/><\/a><\/p>\n<p>K\u00a0projektu byly vyu\u017eity kas\u00e1rny z\u00a0devaten\u00e1ct\u00e9ho stolet\u00ed. Stavba kas\u00e1ren byla dokon\u010dena v\u00a0roce 1890. Kas\u00e1rny m\u011bly p\u016fvodn\u011b 28 objekt\u016f a byly za\u010dlen\u011bny do vn\u011bj\u0161\u00edho kruhu var\u0161avsk\u00e9ho opevn\u011bn\u00ed. V\u00a0roce 1909 bylo rozhodnuto zbourat var\u0161avsk\u00e9 opevn\u011bn\u00ed, ale kas\u00e1rny na \u00fazem\u00ed Fort 8 byly pouze odzbrojeny, ale jinak zachov\u00e1ny. Za druh\u00e9 sv\u011btov\u00e9 v\u00e1lky, v\u00a0dob\u011b, kdy zde s\u00eddlily n\u011bmeck\u00e9 jednotky, zde byly st\u00e1je. Pozd\u011bji a\u017e do 90 let, byla oblast \u0159\u00edzena polskou arm\u00e1dou.\u00a0V roce 2005 oblast koupila skupina Turret Development Group.<\/p>\n<p>P\u016fvodn\u00ed kas\u00e1rny byly pr\u016fchoz\u00ed, v\u00a0sou\u010dasn\u00e9 dob\u011b jsou pr\u016fchody zazd\u011bn\u00e9 a jsou tak vytvo\u0159eny samostatn\u00e9 prostory. Cel\u00e1 budova je pokryta n\u00e1spem zem\u011b o hmotnosti 32 tis\u00edc tun.\u00a0Cel\u00e1 fas\u00e1da budovy pro\u0161la rozs\u00e1hlou rekonstrukc\u00ed, p\u0159i\u010dem\u017e byly vyu\u017eity p\u016fvodn\u00ed prvky a materi\u00e1ly, chyb\u011bj\u00edc\u00ed cihly, byly nahrazeny historick\u00fdmi, zrekonstruov\u00e1ny byly i \u010d\u00e1ste\u010dn\u011b zachoval\u00e9 vstupn\u00ed dve\u0159e.<\/p>\n<p>Hned vedle objektu Ford 8 se nach\u00e1z\u00ed revitalizovan\u00fd park, kter\u00fd vedle zelen\u011b, zahrnuje i mal\u00e9 cvi\u010di\u0161t\u011b pro psy a d\u011btsk\u00e9 h\u0159i\u0161t\u011b. Zelen\u00e1 travnat\u00e1 plocha je zv\u00fdrazn\u011bna zaj\u00edmav\u00fdm ter\u00e9nem p\u016fvodn\u00edch objekt\u016f a dopln\u011bna d\u0159ev\u011bn\u00fdmi sch\u016fdky a \u00fahledn\u00fdmi cesti\u010dkami. V\u00fdsledek je velmi p\u011bkn\u00fd, dojem kaz\u00ed pouze fakt, \u017ee park je b\u011b\u017en\u00fdm n\u00e1v\u0161t\u011bvn\u00edk\u016fm nep\u0159\u00edstupn\u00fd. Moment\u00e1ln\u011b je park vlastn\u011bn soukrom\u00fdm subjektem, p\u0159i\u010dem\u017e se po\u010d\u00edt\u00e1 s\u00a0jeho pozd\u011bj\u0161\u00edm p\u0159eveden\u00edm na m\u011bstskou \u010d\u00e1st Ursyn\u00f3w pro vyu\u017eit\u00ed v\u0161em n\u00e1v\u0161t\u011bvn\u00edk\u016fm.<\/p>\n<p>V\u00a0pevnosti jsme se tentokr\u00e1t se\u0161ly pouze \u010dty\u0159i. Hned p\u0159i p\u0159\u00edchodu jsme v\u00a0are\u00e1lu potkaly zaj\u00edmav\u00e9ho postar\u0161\u00edho p\u00e1na v\u00a0retro cyklodresu s\u00a0retro kolem, kter\u00fd s\u00a0n\u00e1mi nav\u00e1zal komunikaci. R\u00e1dy jsme ov\u0161em zapluly do Fort Bistra na rann\u00ed k\u00e1vi\u010dku. Prostory elegantn\u011b vyu\u017e\u00edvaj\u00ed p\u016fvodn\u00ed prvky kas\u00e1ren. Klenut\u00e9 stropy jsou dostate\u010dn\u011b vysok\u00e9 a velk\u00e1 okna zaji\u0161\u0165uj\u00ed dostatek sv\u011btla v\u00a0cel\u00e9 m\u00edstnosti. D\u011bv\u010data mi pov\u011bd\u011bla, jak vlastn\u011b na\u0161la Fort 8, kter\u00fd byl otev\u0159en teprve ned\u00e1vno. Byla do n\u011bj p\u0159esunuta jejich obl\u00edben\u00e1 restaurace \u201eDziurka od klucza\u201c. Tam jsme se cht\u011bly tak\u00e9 pod\u00edvat.<\/p>\n<p>Mezit\u00edm v\u0161ak prob\u011bhla kr\u00e1tk\u00e1 proch\u00e1zka po m\u011bstsk\u00e9 \u010d\u00e1sti Ursyn\u00f3w. Nedaleko pevnosti, v\u00a0Dolince S\u0142u\u017eew prot\u00e9k\u00e1 potok. Nebylo zrovna po\u010das\u00ed na ch\u016fzi v\u00a0tomto ter\u00e9nu, ale ur\u010dit\u011b to bylo zaj\u00edmav\u011bj\u0161\u00ed ne\u017e se proch\u00e1zet po chodn\u00edku \u010di cyklostezce. \u0160irok\u00fd pruh zelen\u011b lemuje potok S\u0142u\u017eewiecki z\u00a0obou stran a t\u00e1hne se pom\u011brn\u011b daleko. Jsou zde star\u00e9 ovocn\u00e9 stromy a n\u011bkolik rybn\u00ed\u010dk\u016f. Pod mosty se objevuj\u00ed sgrafity v\u00a0\u010dernob\u00edl\u00e9m i barevn\u00e9m proveden\u00ed pokr\u00fdvaj\u00edc\u00ed jejich podp\u016frn\u00e9 sloupy. Cestou jsme narazily (nepl\u00e1novan\u011b) na S\u0142u\u017cewski Dom Kultury. Byly jsme nad\u0161en\u00e9 ze samotn\u00e9 stavby pokryt\u00e9 d\u0159evem, ale i ze spousty aktivit, kter\u00e9 toto kulturn\u00ed centrum nab\u00edz\u00ed. Krom\u011b r\u016fzn\u00fdch krou\u017ek\u016f pro d\u011bti a dosp\u011bl\u00e9 je nejv\u00fdrazn\u011bj\u0161\u00edm projektem centra ekologie. Centrum m\u00e1 koz\u00ed farmu a nab\u00edz\u00ed dal\u0161\u00ed ekologicky zam\u011b\u0159en\u00e9 aktivity. Sou\u010d\u00e1st\u00ed je mal\u00e1 kav\u00e1rna, venkovn\u00ed prostory s\u00a0horolezeckou st\u011bnou a d\u011btsk\u00fdm h\u0159i\u0161t\u011bm. Centrum nab\u00edz\u00ed p\u0159edn\u00e1\u0161ky a v\u00fdstavy (m\u011b zaujal kurz kompostov\u00e1n\u00ed pro dosp\u011bl\u00e9 ;-)).<\/p>\n<p>Proto\u017ee jsme nem\u011bly moc \u010dasu, nedo\u0161ly jsme k\u00a0nedalek\u00e9mu v\u011bt\u0161\u00edmu rybn\u00edku, kde je kr\u00e1sn\u011b upraven\u00e1 odpo\u010dinkov\u00e1 z\u00f3na. Cel\u00fd rybn\u00edk je tak\u00e9 obkrou\u017een cyklostezkou, kter\u00e1 vede mimo jin\u00e9 i k\u00a0Fort 8. Po cest\u011b zp\u011bt do Fort 8 se zat\u00e1hla obloha a spustil se hust\u00fd d\u00e9\u0161\u0165. P\u0159esto\u017ee jsme byly nedaleko, celkem jsme promokly. R\u00e1dy jsme se proto usu\u0161ily v\u00a0ji\u017e zmi\u0148ovan\u00e9 restauraci Dziurka od klucza a daly si v\u00fdborn\u00fd ob\u011bd. D\u011bv\u010data, kter\u00e1 se neubr\u00e1nila porovn\u00e1v\u00e1n\u00ed, nostalgicky vzpom\u00ednala na p\u016fvodn\u00ed restauraci. P\u0159esto jsme zhodnotily, \u017ee se projekt Fort 8 opravdu povedl a stoj\u00ed za to se tam nejen pod\u00edvat, ale i vr\u00e1tit.<\/p>\n<p>Pro Kulturn\u00ed \u010dtvrtek napsala Dana J.<\/p>\n","protected":false},"excerpt":{"rendered":"<p>Tentokr\u00e1t se po dohod\u011b v\u011bt\u0161iny p\u0159esunul kulturn\u00ed \u010dtvrtek na \u00fater\u00fd 4. 2. 2020. Objektem z\u00e1jmu se stal ned\u00e1vno otev\u0159en\u00fd objekt Fort 8 v\u00a0m\u011bstsk\u00e9 \u010d\u00e1sti Ursyn\u00f3w. P\u016fvodn\u00ed kas\u00e1rny byly v\u00a0letech 2015 \u2013 2019 revitalizov\u00e1ny a v sou\u010dasn\u00e9 dob\u011b se zde nach\u00e1z\u00ed obchodn\u00ed centrum pevnosti, zaj\u00edmav\u00e9 restaurace, obch\u016fdky, kade\u0159nick\u00fd salon a spole\u010dn\u011b s\u00a0prostorem p\u0159ed hlavn\u00ed budovou a [&hellip;]<\/p>\n","protected":false},"author":67,"featured_media":0,"comment_status":"open","ping_status":"closed","sticky":false,"template":"","format":"standard","meta":{"ngg_post_thumbnail":0,"footnotes":""},"categories":[2],"tags":[],"class_list":["post-5675","post","type-post","status-publish","format-standard","hentry","category-kulturni-ctvrtky"],"_links":{"self":[{"href":"https:\/\/www.infopoint.cz\/polsko\/wp-json\/wp\/v2\/posts\/5675","targetHints":{"allow":["GET"]}}],"collection":[{"href":"https:\/\/www.infopoint.cz\/polsko\/wp-json\/wp\/v2\/posts"}],"about":[{"href":"https:\/\/www.infopoint.cz\/polsko\/wp-json\/wp\/v2\/types\/post"}],"author":[{"embeddable":true,"href":"https:\/\/www.infopoint.cz\/polsko\/wp-json\/wp\/v2\/users\/67"}],"replies":[{"embeddable":true,"href":"https:\/\/www.infopoint.cz\/polsko\/wp-json\/wp\/v2\/comments?post=5675"}],"version-history":[{"count":5,"href":"https:\/\/www.infopoint.cz\/polsko\/wp-json\/wp\/v2\/posts\/5675\/revisions"}],"predecessor-version":[{"id":5684,"href":"https:\/\/www.infopoint.cz\/polsko\/wp-json\/wp\/v2\/posts\/5675\/revisions\/5684"}],"wp:attachment":[{"href":"https:\/\/www.infopoint.cz\/polsko\/wp-json\/wp\/v2\/media?parent=5675"}],"wp:term":[{"taxonomy":"category","embeddable":true,"href":"https:\/\/www.infopoint.cz\/polsko\/wp-json\/wp\/v2\/categories?post=5675"},{"taxonomy":"post_tag","embeddable":true,"href":"https:\/\/www.infopoint.cz\/polsko\/wp-json\/wp\/v2\/tags?post=5675"}],"curies":[{"name":"wp","href":"https:\/\/api.w.org\/{rel}","templated":true}]}}