{"id":5689,"date":"2020-02-23T15:23:17","date_gmt":"2020-02-23T14:23:17","guid":{"rendered":"https:\/\/www.infopoint.cz\/polsko\/?p=5689"},"modified":"2020-02-23T15:23:17","modified_gmt":"2020-02-23T14:23:17","slug":"krolikarna-a-svet-jako-narodni-park","status":"publish","type":"post","link":"https:\/\/www.infopoint.cz\/polsko\/krolikarna-a-svet-jako-narodni-park\/","title":{"rendered":"Kr\u00f3likarna a Sv\u011bt jako n\u00e1rodn\u00ed park"},"content":{"rendered":"\n<p><img loading=\"lazy\" decoding=\"async\" class=\"SzDcob\" src=\"https:\/\/lh3.googleusercontent.com\/ieFFh4cclr16tvWsfYYMxcG2cdjqeFRrf9yAIJZPowtknGHVanaPXUWPE-agcHzs758PHaOweoBor6Jfz6FKP_uQeORXP9ikluvRq8Kxq0keq_yZYIH7iR0JFocjxLd0fmTgwTUwkiADJHSDo162Yo60GaMrp34lCCJRxYrCN_cEz3zj23ikA3Af8PVS7KOnFjZnYkiD0rbrfJBvs1o6ugRTOpJO24nB9xif6Wqr_cJ3r9WcIX7xchUkFgJJNyInrSOFQFQfhRNtQvGH48k5ZTRBcsMB1Nls7k3tggM4wiaoAoYSOhUvQvckJJAM2Qdh9i1n6Hcedl3vcUgWyr1dlXh7jpWFaBqbBHutXWj7uLBHUuS-YhOZ6UE6cP3ezpH2VmwId_vueYW7fk_TY73yvUok82EQwuF0a5pimKvKnLEm3hYbO0Mo0BEiX7n_TaZExEDzEtbDiShSbmmx5lpywziQ-grWDDOSTRCRWAjShUjwszJSX928u0458Zo48r1Fj3byyYBAnCOG3qVXr30bfhPSYIHG4vRNzyysYcqB6MqFyxR69LTM2459yjNxqXfs8D_hNhsj9M8hqroStJUTJrDJaz5stYwfeqSJvI041MQb-CpSZGrGkClGIpbquiy5Qgw5HTPBzDGdPxNS7xeLjADUaT17F0-JqzoaD6nMGodHpBHSHgQlqc1CQn9ZAcqVk2iretkWCedeYuZWA2Gc5aeyIk5oTLpjQl3-ufX_YltG6bKn=s983-no\" width=\"983\" height=\"983\" data-atf=\"false\" data-iml=\"29256\" aria-label=\"Kol\u00e1\u017e \u2013 Fotka \u2013 \u010ctverec \u2013 13. 2. 2020 14:15:06\" \/><\/p>\n","protected":false},"excerpt":{"rendered":"","protected":false},"author":67,"featured_media":0,"comment_status":"open","ping_status":"closed","sticky":false,"template":"","format":"standard","meta":{"ngg_post_thumbnail":0,"footnotes":""},"categories":[2],"tags":[],"class_list":["post-5689","post","type-post","status-publish","format-standard","hentry","category-kulturni-ctvrtky"],"_links":{"self":[{"href":"https:\/\/www.infopoint.cz\/polsko\/wp-json\/wp\/v2\/posts\/5689","targetHints":{"allow":["GET"]}}],"collection":[{"href":"https:\/\/www.infopoint.cz\/polsko\/wp-json\/wp\/v2\/posts"}],"about":[{"href":"https:\/\/www.infopoint.cz\/polsko\/wp-json\/wp\/v2\/types\/post"}],"author":[{"embeddable":true,"href":"https:\/\/www.infopoint.cz\/polsko\/wp-json\/wp\/v2\/users\/67"}],"replies":[{"embeddable":true,"href":"https:\/\/www.infopoint.cz\/polsko\/wp-json\/wp\/v2\/comments?post=5689"}],"version-history":[{"count":1,"href":"https:\/\/www.infopoint.cz\/polsko\/wp-json\/wp\/v2\/posts\/5689\/revisions"}],"predecessor-version":[{"id":5690,"href":"https:\/\/www.infopoint.cz\/polsko\/wp-json\/wp\/v2\/posts\/5689\/revisions\/5690"}],"wp:attachment":[{"href":"https:\/\/www.infopoint.cz\/polsko\/wp-json\/wp\/v2\/media?parent=5689"}],"wp:term":[{"taxonomy":"category","embeddable":true,"href":"https:\/\/www.infopoint.cz\/polsko\/wp-json\/wp\/v2\/categories?post=5689"},{"taxonomy":"post_tag","embeddable":true,"href":"https:\/\/www.infopoint.cz\/polsko\/wp-json\/wp\/v2\/tags?post=5689"}],"curies":[{"name":"wp","href":"https:\/\/api.w.org\/{rel}","templated":true}]}}