{"id":5698,"date":"2020-04-20T09:05:44","date_gmt":"2020-04-20T07:05:44","guid":{"rendered":"https:\/\/www.infopoint.cz\/polsko\/?p=5698"},"modified":"2020-06-24T09:39:54","modified_gmt":"2020-06-24T07:39:54","slug":"krizova-opatreni-v-polsku-snaha-o-obchazeni-ustavy","status":"publish","type":"post","link":"https:\/\/www.infopoint.cz\/polsko\/krizova-opatreni-v-polsku-snaha-o-obchazeni-ustavy\/","title":{"rendered":"Krizov\u00e1 opat\u0159en\u00ed v Polsku: snaha o obch\u00e1zen\u00ed \u00fastavy?"},"content":{"rendered":"\n<blockquote class=\"wp-block-quote is-layout-flow wp-block-quote-is-layout-flow\"><p>Koronavirus si zjevn\u011b dle n\u00e1rodnosti sv\u00fdch hostitel\u016f nevyb\u00edr\u00e1, a tak stejn\u00e9 probl\u00e9my, kter\u00e9 nyn\u00ed \u0159e\u0161\u00edme u n\u00e1s, aktu\u00e1ln\u011b \u0159e\u0161\u00ed vl\u00e1dy v\u00edce \u010di m\u00e9n\u011b obdobn\u00fdm zp\u016fsobem ve v\u0161ech zasa\u017een\u00fdch zem\u00edch. Jak\u00e1 je ale situace u na\u0161ich severn\u00edch soused\u016f, v \u010dem je odli\u0161n\u00e1 a pro\u010d by n\u00e1s to m\u011blo zaj\u00edmat?<\/p><\/blockquote>\n\n\n\n<p>Zdroj: <a href=\"https:\/\/www.epravo.cz\/top\/clanky\/krizova-opatreni-v-polsku-snaha-o-obchazeni-ustavy-110976.html\">https:\/\/www.epravo.cz\/top\/clanky\/krizova-opatreni-v-polsku-snaha-o-obchazeni-ustavy-110976.html<\/a><\/p>\n","protected":false},"excerpt":{"rendered":"<p>Koronavirus si zjevn\u011b dle n\u00e1rodnosti sv\u00fdch hostitel\u016f nevyb\u00edr\u00e1, a tak stejn\u00e9 probl\u00e9my, kter\u00e9 nyn\u00ed \u0159e\u0161\u00edme u n\u00e1s, aktu\u00e1ln\u011b \u0159e\u0161\u00ed vl\u00e1dy v\u00edce \u010di m\u00e9n\u011b obdobn\u00fdm zp\u016fsobem ve v\u0161ech zasa\u017een\u00fdch zem\u00edch. Jak\u00e1 je ale situace u na\u0161ich severn\u00edch soused\u016f, v \u010dem je odli\u0161n\u00e1 a pro\u010d by n\u00e1s to m\u011blo zaj\u00edmat? Zdroj: https:\/\/www.epravo.cz\/top\/clanky\/krizova-opatreni-v-polsku-snaha-o-obchazeni-ustavy-110976.html<\/p>\n","protected":false},"author":2,"featured_media":0,"comment_status":"open","ping_status":"closed","sticky":false,"template":"","format":"standard","meta":{"ngg_post_thumbnail":0,"footnotes":""},"categories":[24],"tags":[],"class_list":["post-5698","post","type-post","status-publish","format-standard","hentry","category-zajimavosti"],"_links":{"self":[{"href":"https:\/\/www.infopoint.cz\/polsko\/wp-json\/wp\/v2\/posts\/5698","targetHints":{"allow":["GET"]}}],"collection":[{"href":"https:\/\/www.infopoint.cz\/polsko\/wp-json\/wp\/v2\/posts"}],"about":[{"href":"https:\/\/www.infopoint.cz\/polsko\/wp-json\/wp\/v2\/types\/post"}],"author":[{"embeddable":true,"href":"https:\/\/www.infopoint.cz\/polsko\/wp-json\/wp\/v2\/users\/2"}],"replies":[{"embeddable":true,"href":"https:\/\/www.infopoint.cz\/polsko\/wp-json\/wp\/v2\/comments?post=5698"}],"version-history":[{"count":2,"href":"https:\/\/www.infopoint.cz\/polsko\/wp-json\/wp\/v2\/posts\/5698\/revisions"}],"predecessor-version":[{"id":5700,"href":"https:\/\/www.infopoint.cz\/polsko\/wp-json\/wp\/v2\/posts\/5698\/revisions\/5700"}],"wp:attachment":[{"href":"https:\/\/www.infopoint.cz\/polsko\/wp-json\/wp\/v2\/media?parent=5698"}],"wp:term":[{"taxonomy":"category","embeddable":true,"href":"https:\/\/www.infopoint.cz\/polsko\/wp-json\/wp\/v2\/categories?post=5698"},{"taxonomy":"post_tag","embeddable":true,"href":"https:\/\/www.infopoint.cz\/polsko\/wp-json\/wp\/v2\/tags?post=5698"}],"curies":[{"name":"wp","href":"https:\/\/api.w.org\/{rel}","templated":true}]}}