{"id":5734,"date":"2020-10-03T16:41:24","date_gmt":"2020-10-03T14:41:24","guid":{"rendered":"https:\/\/www.infopoint.cz\/polsko\/?p=5734"},"modified":"2020-10-03T16:47:20","modified_gmt":"2020-10-03T14:47:20","slug":"tak-jsme-polaky-predbehli","status":"publish","type":"post","link":"https:\/\/www.infopoint.cz\/polsko\/tak-jsme-polaky-predbehli\/","title":{"rendered":"Tak jsme pol\u00e1ky p\u0159edb\u011bhli"},"content":{"rendered":"<p>\u0160\u00ed\u0159en\u00ed COVIDu-19 je probl\u00e9m, kter\u00fd nezn\u00e1 hranic. N\u00e1sleduj\u00edc\u00ed obr\u00e1zek ukazuje porovn\u00e1n\u00ed p\u0159\u00edpad\u016f s Covidem mezi \u010ceskem a Polskem.<\/p>\n<p><img loading=\"lazy\" decoding=\"async\" class=\"alignnone wp-image-5736 size-full\" src=\"https:\/\/www.infopoint.cz\/polsko\/wp-content\/uploads\/sites\/22\/2020\/10\/BreakingPoint_Covid19_Czechia_Poland.png\" alt=\"\" width=\"998\" height=\"502\" srcset=\"https:\/\/www.infopoint.cz\/polsko\/wp-content\/uploads\/sites\/22\/2020\/10\/BreakingPoint_Covid19_Czechia_Poland.png 998w, https:\/\/www.infopoint.cz\/polsko\/wp-content\/uploads\/sites\/22\/2020\/10\/BreakingPoint_Covid19_Czechia_Poland-300x151.png 300w, https:\/\/www.infopoint.cz\/polsko\/wp-content\/uploads\/sites\/22\/2020\/10\/BreakingPoint_Covid19_Czechia_Poland-768x386.png 768w, https:\/\/www.infopoint.cz\/polsko\/wp-content\/uploads\/sites\/22\/2020\/10\/BreakingPoint_Covid19_Czechia_Poland-690x347.png 690w, https:\/\/www.infopoint.cz\/polsko\/wp-content\/uploads\/sites\/22\/2020\/10\/BreakingPoint_Covid19_Czechia_Poland-980x493.png 980w\" sizes=\"auto, (max-width: 998px) 100vw, 998px\" \/><\/p>\n<p>Zlom nastal po 3.9.2020 v po\u010dtu p\u0159\u00edpad\u016f s prok\u00e1zan\u00fdm onemocn\u011bn\u00edm COVID-19.<\/p>\n<p>Zdroj dat: <a href=\"https:\/\/data.europa.eu\/euodp\/cs\/data\/dataset\/covid-19-coronavirus-data\">https:\/\/data.europa.eu\/euodp\/cs\/data\/dataset\/covid-19-coronavirus-data<\/a><\/p>\n<p>Grafick\u00e9 zpracov\u00e1n\u00ed: <a href=\"https:\/\/www.helios-is.cz\/covid-19\/\">https:\/\/www.helios-is.cz\/covid-19\/ <\/a><\/p>\n","protected":false},"excerpt":{"rendered":"<p>\u0160\u00ed\u0159en\u00ed COVIDu-19 je probl\u00e9m, kter\u00fd nezn\u00e1 hranic. N\u00e1sleduj\u00edc\u00ed obr\u00e1zek ukazuje porovn\u00e1n\u00ed p\u0159\u00edpad\u016f s Covidem mezi \u010ceskem a Polskem. Zlom nastal po 3.9.2020 v po\u010dtu p\u0159\u00edpad\u016f s prok\u00e1zan\u00fdm onemocn\u011bn\u00edm COVID-19. Zdroj dat: https:\/\/data.europa.eu\/euodp\/cs\/data\/dataset\/covid-19-coronavirus-data Grafick\u00e9 zpracov\u00e1n\u00ed: https:\/\/www.helios-is.cz\/covid-19\/<\/p>\n","protected":false},"author":2,"featured_media":0,"comment_status":"open","ping_status":"closed","sticky":false,"template":"","format":"standard","meta":{"ngg_post_thumbnail":0,"footnotes":""},"categories":[24],"tags":[],"class_list":["post-5734","post","type-post","status-publish","format-standard","hentry","category-zajimavosti"],"_links":{"self":[{"href":"https:\/\/www.infopoint.cz\/polsko\/wp-json\/wp\/v2\/posts\/5734","targetHints":{"allow":["GET"]}}],"collection":[{"href":"https:\/\/www.infopoint.cz\/polsko\/wp-json\/wp\/v2\/posts"}],"about":[{"href":"https:\/\/www.infopoint.cz\/polsko\/wp-json\/wp\/v2\/types\/post"}],"author":[{"embeddable":true,"href":"https:\/\/www.infopoint.cz\/polsko\/wp-json\/wp\/v2\/users\/2"}],"replies":[{"embeddable":true,"href":"https:\/\/www.infopoint.cz\/polsko\/wp-json\/wp\/v2\/comments?post=5734"}],"version-history":[{"count":4,"href":"https:\/\/www.infopoint.cz\/polsko\/wp-json\/wp\/v2\/posts\/5734\/revisions"}],"predecessor-version":[{"id":5739,"href":"https:\/\/www.infopoint.cz\/polsko\/wp-json\/wp\/v2\/posts\/5734\/revisions\/5739"}],"wp:attachment":[{"href":"https:\/\/www.infopoint.cz\/polsko\/wp-json\/wp\/v2\/media?parent=5734"}],"wp:term":[{"taxonomy":"category","embeddable":true,"href":"https:\/\/www.infopoint.cz\/polsko\/wp-json\/wp\/v2\/categories?post=5734"},{"taxonomy":"post_tag","embeddable":true,"href":"https:\/\/www.infopoint.cz\/polsko\/wp-json\/wp\/v2\/tags?post=5734"}],"curies":[{"name":"wp","href":"https:\/\/api.w.org\/{rel}","templated":true}]}}