{"id":5745,"date":"2021-02-01T19:29:14","date_gmt":"2021-02-01T18:29:14","guid":{"rendered":"https:\/\/www.infopoint.cz\/polsko\/?p=5745"},"modified":"2021-03-08T15:32:24","modified_gmt":"2021-03-08T14:32:24","slug":"polsko-strasilo-ceskou-mutaci-zadna-takova-neni-oponuje-zdravotni-ustav","status":"publish","type":"post","link":"https:\/\/www.infopoint.cz\/polsko\/polsko-strasilo-ceskou-mutaci-zadna-takova-neni-oponuje-zdravotni-ustav\/","title":{"rendered":"Polsko stra\u0161ilo \u010deskou mutac\u00ed. \u017d\u00e1dn\u00e1 takov\u00e1 nen\u00ed, oponuje zdravotn\u00ed \u00fastav"},"content":{"rendered":"<blockquote>\n<div class=\"opener\">Polsk\u00fd ministr zdravotnictv\u00ed Adam Niedzielski v polovin\u011b ledna prohl\u00e1sil, \u017ee pol\u0161t\u00ed hygienici doposud nezachytili \u017e\u00e1dn\u00fd p\u0159\u00edpad varianty koronaviru, kter\u00e1 se objevila v Anglii, zato se podle n\u011bho do Polska dostala \u010desk\u00e1 mutace viru. Podle St\u00e1tn\u00edho zdravotn\u00edho \u00fastavu jde ov\u0161em o nep\u0159esn\u00e9 ozna\u010den\u00ed. \u201eNelze \u0159\u00edct, \u017ee uveden\u00e1 mutace je pr\u00e1v\u011b \u010deskou variantou,\u201c uvedla mluv\u010d\u00ed.<\/div>\n<\/blockquote>\n<p>Zdroj: <a href=\"https:\/\/www.idnes.cz\/zpravy\/domaci\/mutace-ceska-koronavirus-polsko-statni-zdravotni-ustav.A210127_100546_domaci_lre\">https:\/\/www.idnes.cz\/zpravy\/domaci\/mutace-ceska-koronavirus-polsko-statni-zdravotni-ustav.A210127_100546_domaci_lre<\/a><\/p>\n<p>&nbsp;<\/p>\n<p><a href=\"https:\/\/www.idnes.cz\/zpravy\/zahranicni\/polsko-cesko-varianta-koronavirus-mutace-ministr-zdravotnictvi.A210112_154922_zahranicni_jhr\">https:\/\/www.idnes.cz\/zpravy\/zahranicni\/polsko-cesko-varianta-koronavirus-mutace-ministr-zdravotnictvi.A210112_154922_zahranicni_jhr<\/a><\/p>\n","protected":false},"excerpt":{"rendered":"<p>Polsk\u00fd ministr zdravotnictv\u00ed Adam Niedzielski v polovin\u011b ledna prohl\u00e1sil, \u017ee pol\u0161t\u00ed hygienici doposud nezachytili \u017e\u00e1dn\u00fd p\u0159\u00edpad varianty koronaviru, kter\u00e1 se objevila v Anglii, zato se podle n\u011bho do Polska dostala \u010desk\u00e1 mutace viru. Podle St\u00e1tn\u00edho zdravotn\u00edho \u00fastavu jde ov\u0161em o nep\u0159esn\u00e9 ozna\u010den\u00ed. \u201eNelze \u0159\u00edct, \u017ee uveden\u00e1 mutace je pr\u00e1v\u011b \u010deskou variantou,\u201c uvedla mluv\u010d\u00ed. Zdroj: https:\/\/www.idnes.cz\/zpravy\/domaci\/mutace-ceska-koronavirus-polsko-statni-zdravotni-ustav.A210127_100546_domaci_lre [&hellip;]<\/p>\n","protected":false},"author":1,"featured_media":0,"comment_status":"open","ping_status":"closed","sticky":false,"template":"","format":"standard","meta":{"ngg_post_thumbnail":0,"footnotes":""},"categories":[24],"tags":[],"class_list":["post-5745","post","type-post","status-publish","format-standard","hentry","category-zajimavosti"],"_links":{"self":[{"href":"https:\/\/www.infopoint.cz\/polsko\/wp-json\/wp\/v2\/posts\/5745","targetHints":{"allow":["GET"]}}],"collection":[{"href":"https:\/\/www.infopoint.cz\/polsko\/wp-json\/wp\/v2\/posts"}],"about":[{"href":"https:\/\/www.infopoint.cz\/polsko\/wp-json\/wp\/v2\/types\/post"}],"author":[{"embeddable":true,"href":"https:\/\/www.infopoint.cz\/polsko\/wp-json\/wp\/v2\/users\/1"}],"replies":[{"embeddable":true,"href":"https:\/\/www.infopoint.cz\/polsko\/wp-json\/wp\/v2\/comments?post=5745"}],"version-history":[{"count":2,"href":"https:\/\/www.infopoint.cz\/polsko\/wp-json\/wp\/v2\/posts\/5745\/revisions"}],"predecessor-version":[{"id":5747,"href":"https:\/\/www.infopoint.cz\/polsko\/wp-json\/wp\/v2\/posts\/5745\/revisions\/5747"}],"wp:attachment":[{"href":"https:\/\/www.infopoint.cz\/polsko\/wp-json\/wp\/v2\/media?parent=5745"}],"wp:term":[{"taxonomy":"category","embeddable":true,"href":"https:\/\/www.infopoint.cz\/polsko\/wp-json\/wp\/v2\/categories?post=5745"},{"taxonomy":"post_tag","embeddable":true,"href":"https:\/\/www.infopoint.cz\/polsko\/wp-json\/wp\/v2\/tags?post=5745"}],"curies":[{"name":"wp","href":"https:\/\/api.w.org\/{rel}","templated":true}]}}