{"id":5775,"date":"2021-04-27T11:21:48","date_gmt":"2021-04-27T09:21:48","guid":{"rendered":"https:\/\/www.infopoint.cz\/polsko\/?p=5775"},"modified":"2021-04-30T11:22:59","modified_gmt":"2021-04-30T09:22:59","slug":"polsko-hleda-nejstarsiho-muze-sveta-je-mu-124-let-a-od-valky-je-nezvestny","status":"publish","type":"post","link":"https:\/\/www.infopoint.cz\/polsko\/polsko-hleda-nejstarsiho-muze-sveta-je-mu-124-let-a-od-valky-je-nezvestny\/","title":{"rendered":"Polsko hled\u00e1 nejstar\u0161\u00edho mu\u017ee sv\u011bta. Je mu 124 let a od v\u00e1lky je nezv\u011bstn\u00fd"},"content":{"rendered":"<blockquote><p>V Polsku vyhl\u00e1sili p\u00e1tr\u00e1n\u00ed po nejstar\u0161\u00edm \u010dlov\u011bku na sv\u011bt\u011b. V\u00fdzvu k hled\u00e1n\u00ed J\u00f3zefa Dybaly, kter\u00e9mu by letos bylo 124 let, nechal v celost\u00e1tn\u00edm listu Rzeczpospolita zve\u0159ejnit soud ve m\u011bst\u011b Ostr\u00f3w Wielkopolski v centr\u00e1ln\u00ed \u010d\u00e1sti zem\u011b. Pokud se hledan\u00fd nep\u0159ihl\u00e1s\u00ed do t\u0159\u00ed m\u011bs\u00edc\u016f, bude \u00fa\u0159edn\u011b prohl\u00e1\u0161en za mrtv\u00e9ho.<\/p><\/blockquote>\n<p>Zdroj: <a href=\"https:\/\/www.idnes.cz\/zpravy\/zahranicni\/polsko-soud-nezvestny-124-let-dlouhovekost.A210427_062934_zahranicni_lesa\">https:\/\/www.idnes.cz\/zpravy\/zahranicni\/polsko-soud-nezvestny-124-let-dlouhovekost.A210427_062934_zahranicni_lesa<\/a><\/p>\n","protected":false},"excerpt":{"rendered":"<p>V Polsku vyhl\u00e1sili p\u00e1tr\u00e1n\u00ed po nejstar\u0161\u00edm \u010dlov\u011bku na sv\u011bt\u011b. V\u00fdzvu k hled\u00e1n\u00ed J\u00f3zefa Dybaly, kter\u00e9mu by letos bylo 124 let, nechal v celost\u00e1tn\u00edm listu Rzeczpospolita zve\u0159ejnit soud ve m\u011bst\u011b Ostr\u00f3w Wielkopolski v centr\u00e1ln\u00ed \u010d\u00e1sti zem\u011b. Pokud se hledan\u00fd nep\u0159ihl\u00e1s\u00ed do t\u0159\u00ed m\u011bs\u00edc\u016f, bude \u00fa\u0159edn\u011b prohl\u00e1\u0161en za mrtv\u00e9ho. Zdroj: https:\/\/www.idnes.cz\/zpravy\/zahranicni\/polsko-soud-nezvestny-124-let-dlouhovekost.A210427_062934_zahranicni_lesa<\/p>\n","protected":false},"author":2,"featured_media":0,"comment_status":"open","ping_status":"closed","sticky":false,"template":"","format":"standard","meta":{"ngg_post_thumbnail":0,"footnotes":""},"categories":[24],"tags":[],"class_list":["post-5775","post","type-post","status-publish","format-standard","hentry","category-zajimavosti"],"_links":{"self":[{"href":"https:\/\/www.infopoint.cz\/polsko\/wp-json\/wp\/v2\/posts\/5775","targetHints":{"allow":["GET"]}}],"collection":[{"href":"https:\/\/www.infopoint.cz\/polsko\/wp-json\/wp\/v2\/posts"}],"about":[{"href":"https:\/\/www.infopoint.cz\/polsko\/wp-json\/wp\/v2\/types\/post"}],"author":[{"embeddable":true,"href":"https:\/\/www.infopoint.cz\/polsko\/wp-json\/wp\/v2\/users\/2"}],"replies":[{"embeddable":true,"href":"https:\/\/www.infopoint.cz\/polsko\/wp-json\/wp\/v2\/comments?post=5775"}],"version-history":[{"count":1,"href":"https:\/\/www.infopoint.cz\/polsko\/wp-json\/wp\/v2\/posts\/5775\/revisions"}],"predecessor-version":[{"id":5776,"href":"https:\/\/www.infopoint.cz\/polsko\/wp-json\/wp\/v2\/posts\/5775\/revisions\/5776"}],"wp:attachment":[{"href":"https:\/\/www.infopoint.cz\/polsko\/wp-json\/wp\/v2\/media?parent=5775"}],"wp:term":[{"taxonomy":"category","embeddable":true,"href":"https:\/\/www.infopoint.cz\/polsko\/wp-json\/wp\/v2\/categories?post=5775"},{"taxonomy":"post_tag","embeddable":true,"href":"https:\/\/www.infopoint.cz\/polsko\/wp-json\/wp\/v2\/tags?post=5775"}],"curies":[{"name":"wp","href":"https:\/\/api.w.org\/{rel}","templated":true}]}}