{"id":5782,"date":"2021-05-27T13:41:24","date_gmt":"2021-05-27T11:41:24","guid":{"rendered":"https:\/\/www.infopoint.cz\/polsko\/?p=5782"},"modified":"2021-05-28T13:47:01","modified_gmt":"2021-05-28T11:47:01","slug":"heimstaden-nakupuje-2500-polskych-bytu","status":"publish","type":"post","link":"https:\/\/www.infopoint.cz\/polsko\/heimstaden-nakupuje-2500-polskych-bytu\/","title":{"rendered":"Heimstaden nakupuje 2500 polsk\u00fdch byt\u016f"},"content":{"rendered":"<blockquote><p><span class=\"break-words\"><span dir=\"ltr\">Heimstaden se dne\u0161kem st\u00e1v\u00e1 polsk\u00fdm l\u00eddrem v&nbsp;oblasti pron\u00e1jmu reziden\u010dn\u00edch nemovitost\u00ed. Od spole\u010dnosti Budimex Nieruchomo\u015bci jsme nakoupili 2500 byt\u016f v&nbsp;hodnot\u011b 7,8 miliardy korun. D\u00edky t\u00e9to transakci se Heimstaden Bostad st\u00e1v\u00e1 p\u0159edn\u00edm poskytovatelem n\u00e1jemn\u00edho bydlen\u00ed v&nbsp;Polsku. Nemovitosti v&nbsp;r\u016fzn\u00fdch f\u00e1z\u00edch v\u00fdstavby p\u0159evezmeme v&nbsp;pr\u016fb\u011bhu n\u00e1sleduj\u00edc\u00edch dvou a\u017e p\u011bti let.<\/span><\/span><\/p><\/blockquote>\n<p>\u201eDnes ozn\u00e1men\u00e1 transakce z n\u00e1s v n\u00e1sleduj\u00edc\u00edch letech ud\u011bl\u00e1 nejv\u011bt\u0161\u00edho soukrom\u00e9ho pronaj\u00edmatele byt\u016f v Polsku. Z\u00edsk\u00e1me byty nejen ve Var\u0161av\u011b, ale tak\u00e9 v Gda\u0148sku, Krakov\u011b, Vratislavi a v Poznani,\u201c komentuje transakci Stanislav Kub\u00e1\u010dek, \u0161\u00e9f akvizi\u010dn\u00edho t\u00fdmu Heimstadenu pro st\u0159edn\u00ed a v\u00fdchodn\u00ed Evropu a N\u011bmecko. Heimstaden se bude pod\u00edlet na jejich designu, \u010d\u00e1st z nich vybav\u00ed n\u00e1bytkem a pro jejich n\u00e1jemn\u00edky p\u0159iprav\u00ed dal\u0161\u00ed slu\u017eby (recepce, kav\u00e1rny, obchody a podobn\u011b) v&nbsp;souladu s&nbsp;na\u0161\u00edm dlouhodob\u00fdm konceptem p\u0159\u00e1telsk\u00fdch domov\u016f.&nbsp;?<\/p>\n<p>Zdroj: <a href=\"https:\/\/heimstaden.cz\/cz\/aktualita\/heimstaden-rozsiruje-svou-pusobnost-na-polskem-trhu-stava-se-tak-tamnim-lidrem\/382\">https:\/\/heimstaden.cz\/cz\/aktualita\/heimstaden-rozsiruje-svou-pusobnost-na-polskem-trhu-stava-se-tak-tamnim-lidrem\/382<\/a><\/p>\n<p>&nbsp;<\/p>\n","protected":false},"excerpt":{"rendered":"<p>Heimstaden se dne\u0161kem st\u00e1v\u00e1 polsk\u00fdm l\u00eddrem v&nbsp;oblasti pron\u00e1jmu reziden\u010dn\u00edch nemovitost\u00ed. Od spole\u010dnosti Budimex Nieruchomo\u015bci jsme nakoupili 2500 byt\u016f v&nbsp;hodnot\u011b 7,8 miliardy korun. D\u00edky t\u00e9to transakci se Heimstaden Bostad st\u00e1v\u00e1 p\u0159edn\u00edm poskytovatelem n\u00e1jemn\u00edho bydlen\u00ed v&nbsp;Polsku. Nemovitosti v&nbsp;r\u016fzn\u00fdch f\u00e1z\u00edch v\u00fdstavby p\u0159evezmeme v&nbsp;pr\u016fb\u011bhu n\u00e1sleduj\u00edc\u00edch dvou a\u017e p\u011bti let. \u201eDnes ozn\u00e1men\u00e1 transakce z n\u00e1s v n\u00e1sleduj\u00edc\u00edch letech ud\u011bl\u00e1 nejv\u011bt\u0161\u00edho [&hellip;]<\/p>\n","protected":false},"author":2,"featured_media":0,"comment_status":"open","ping_status":"closed","sticky":false,"template":"","format":"standard","meta":{"ngg_post_thumbnail":0,"footnotes":""},"categories":[24],"tags":[],"class_list":["post-5782","post","type-post","status-publish","format-standard","hentry","category-zajimavosti"],"_links":{"self":[{"href":"https:\/\/www.infopoint.cz\/polsko\/wp-json\/wp\/v2\/posts\/5782","targetHints":{"allow":["GET"]}}],"collection":[{"href":"https:\/\/www.infopoint.cz\/polsko\/wp-json\/wp\/v2\/posts"}],"about":[{"href":"https:\/\/www.infopoint.cz\/polsko\/wp-json\/wp\/v2\/types\/post"}],"author":[{"embeddable":true,"href":"https:\/\/www.infopoint.cz\/polsko\/wp-json\/wp\/v2\/users\/2"}],"replies":[{"embeddable":true,"href":"https:\/\/www.infopoint.cz\/polsko\/wp-json\/wp\/v2\/comments?post=5782"}],"version-history":[{"count":2,"href":"https:\/\/www.infopoint.cz\/polsko\/wp-json\/wp\/v2\/posts\/5782\/revisions"}],"predecessor-version":[{"id":5784,"href":"https:\/\/www.infopoint.cz\/polsko\/wp-json\/wp\/v2\/posts\/5782\/revisions\/5784"}],"wp:attachment":[{"href":"https:\/\/www.infopoint.cz\/polsko\/wp-json\/wp\/v2\/media?parent=5782"}],"wp:term":[{"taxonomy":"category","embeddable":true,"href":"https:\/\/www.infopoint.cz\/polsko\/wp-json\/wp\/v2\/categories?post=5782"},{"taxonomy":"post_tag","embeddable":true,"href":"https:\/\/www.infopoint.cz\/polsko\/wp-json\/wp\/v2\/tags?post=5782"}],"curies":[{"name":"wp","href":"https:\/\/api.w.org\/{rel}","templated":true}]}}