{"id":5788,"date":"2021-06-29T08:20:38","date_gmt":"2021-06-29T06:20:38","guid":{"rendered":"https:\/\/www.infopoint.cz\/polsko\/?p=5788"},"modified":"2021-06-30T08:22:04","modified_gmt":"2021-06-30T06:22:04","slug":"polsky-fiat-byl-hit-ceskoslovenskych-silnic-posledni-vyjel-pred-30-lety","status":"publish","type":"post","link":"https:\/\/www.infopoint.cz\/polsko\/polsky-fiat-byl-hit-ceskoslovenskych-silnic-posledni-vyjel-pred-30-lety\/","title":{"rendered":"Polsk\u00fd fiat byl hit \u010deskoslovensk\u00fdch silnic. Posledn\u00ed vyjel p\u0159ed 30 lety"},"content":{"rendered":"<blockquote>\n<div class=\"opener\">&#8222;Velk\u00fd Pol\u00e1k&#8220; byl pohodln\u00e9, i kdy\u017e u\u017e od za\u010d\u00e1tku trochu zastaral\u00e9 auto. Posledn\u00ed polsk\u00fd Fiat 125p sjel z v\u00fdrobn\u00ed linky 29. \u010dervna 1991, tedy skoro po \u010dtvrtstolet\u00ed od za\u010d\u00e1tku produkce.<\/div>\n<\/blockquote>\n<p>Zdroj: <a href=\"https:\/\/www.idnes.cz\/auto\/zpravodajstvi\/polski-fiat-125p.A210627_065201_automoto_fdv\">https:\/\/www.idnes.cz\/auto\/zpravodajstvi\/polski-fiat-125p.A210627_065201_automoto_fdv<\/a><\/p>\n","protected":false},"excerpt":{"rendered":"<p>&#8222;Velk\u00fd Pol\u00e1k&#8220; byl pohodln\u00e9, i kdy\u017e u\u017e od za\u010d\u00e1tku trochu zastaral\u00e9 auto. Posledn\u00ed polsk\u00fd Fiat 125p sjel z v\u00fdrobn\u00ed linky 29. \u010dervna 1991, tedy skoro po \u010dtvrtstolet\u00ed od za\u010d\u00e1tku produkce. Zdroj: https:\/\/www.idnes.cz\/auto\/zpravodajstvi\/polski-fiat-125p.A210627_065201_automoto_fdv<\/p>\n","protected":false},"author":2,"featured_media":0,"comment_status":"open","ping_status":"closed","sticky":false,"template":"","format":"standard","meta":{"ngg_post_thumbnail":0,"footnotes":""},"categories":[24],"tags":[],"class_list":["post-5788","post","type-post","status-publish","format-standard","hentry","category-zajimavosti"],"_links":{"self":[{"href":"https:\/\/www.infopoint.cz\/polsko\/wp-json\/wp\/v2\/posts\/5788","targetHints":{"allow":["GET"]}}],"collection":[{"href":"https:\/\/www.infopoint.cz\/polsko\/wp-json\/wp\/v2\/posts"}],"about":[{"href":"https:\/\/www.infopoint.cz\/polsko\/wp-json\/wp\/v2\/types\/post"}],"author":[{"embeddable":true,"href":"https:\/\/www.infopoint.cz\/polsko\/wp-json\/wp\/v2\/users\/2"}],"replies":[{"embeddable":true,"href":"https:\/\/www.infopoint.cz\/polsko\/wp-json\/wp\/v2\/comments?post=5788"}],"version-history":[{"count":2,"href":"https:\/\/www.infopoint.cz\/polsko\/wp-json\/wp\/v2\/posts\/5788\/revisions"}],"predecessor-version":[{"id":5790,"href":"https:\/\/www.infopoint.cz\/polsko\/wp-json\/wp\/v2\/posts\/5788\/revisions\/5790"}],"wp:attachment":[{"href":"https:\/\/www.infopoint.cz\/polsko\/wp-json\/wp\/v2\/media?parent=5788"}],"wp:term":[{"taxonomy":"category","embeddable":true,"href":"https:\/\/www.infopoint.cz\/polsko\/wp-json\/wp\/v2\/categories?post=5788"},{"taxonomy":"post_tag","embeddable":true,"href":"https:\/\/www.infopoint.cz\/polsko\/wp-json\/wp\/v2\/tags?post=5788"}],"curies":[{"name":"wp","href":"https:\/\/api.w.org\/{rel}","templated":true}]}}