{"id":5793,"date":"2021-08-27T11:08:22","date_gmt":"2021-08-27T09:08:22","guid":{"rendered":"https:\/\/www.infopoint.cz\/polsko\/?p=5793"},"modified":"2021-08-27T11:09:21","modified_gmt":"2021-08-27T09:09:21","slug":"nejkratsi-cesta-autem-k-mori-za-sest-hodin-a-bez-poplatku","status":"publish","type":"post","link":"https:\/\/www.infopoint.cz\/polsko\/nejkratsi-cesta-autem-k-mori-za-sest-hodin-a-bez-poplatku\/","title":{"rendered":"Nejkrat\u0161\u00ed cesta autem k\u00a0mo\u0159i: Za \u0161est\u00a0hodin a bez poplatk\u016f"},"content":{"rendered":"<div class=\"g_hp\">\n<div class=\"g_bw\">\n<section class=\"g_fh\" data-dot=\"tpl-content\" data-e2e=\"tpl-royalty-content\">\n<blockquote>\n<p class=\"c_C e_fk\" data-dot=\"ogm-article-perex\">Ka\u017edoro\u010dn\u00ed dovolenkov\u00e1 migrace \u010cech\u016f na jih p\u0159ipom\u00edn\u00e1 sp\u00ed\u0161e invazi do Chorvatska nebo It\u00e1lie, nicm\u00e9n\u011b kvalitn\u00ed z\u00e1bava, \u0159ada zaj\u00edmavost\u00ed, p\u0159\u00edzniv\u00e9 ceny a koupateln\u00e9 mo\u0159e se nach\u00e1z\u00ed tak\u00e9 na severu. Vzali jsme proto dobrodru\u017en\u00fd Mercedes a vyrazili sondovat, zdali polsk\u00e9 Mezizdroje a Baltsk\u00e9 mo\u0159e stoj\u00ed za to.<\/p>\n<\/blockquote>\n<p data-dot=\"ogm-article-perex\">Zdroj:<a href=\"https:\/\/www.garaz.cz\/clanek\/nejkratsi-cesta-autem-k-mori-za-sest-hodin-a-bez-poplatku-21006465#dop_ab_variant=0&amp;dop_source_zone_name=autoweb.web.nexttoart&amp;dop_req_id=gveVVyJd9Nj-202108270844&amp;dop_id=21006465\"> https:\/\/www.garaz.cz\/clanek\/nejkratsi-cesta-autem-k-mori-za-sest-hodin-a-bez-poplatku-21006465#dop_ab_variant=0&amp;dop_source_zone_name=autoweb.web.nexttoart&amp;dop_req_id=gveVVyJd9Nj-202108270844&amp;dop_id=21006465<\/a><\/p>\n<\/section>\n<\/div>\n<\/div>\n","protected":false},"excerpt":{"rendered":"<p>Ka\u017edoro\u010dn\u00ed dovolenkov\u00e1 migrace \u010cech\u016f na jih p\u0159ipom\u00edn\u00e1 sp\u00ed\u0161e invazi do Chorvatska nebo It\u00e1lie, nicm\u00e9n\u011b kvalitn\u00ed z\u00e1bava, \u0159ada zaj\u00edmavost\u00ed, p\u0159\u00edzniv\u00e9 ceny a koupateln\u00e9 mo\u0159e se nach\u00e1z\u00ed tak\u00e9 na severu. Vzali jsme proto dobrodru\u017en\u00fd Mercedes a vyrazili sondovat, zdali polsk\u00e9 Mezizdroje a Baltsk\u00e9 mo\u0159e stoj\u00ed za to. Zdroj: https:\/\/www.garaz.cz\/clanek\/nejkratsi-cesta-autem-k-mori-za-sest-hodin-a-bez-poplatku-21006465#dop_ab_variant=0&amp;dop_source_zone_name=autoweb.web.nexttoart&amp;dop_req_id=gveVVyJd9Nj-202108270844&amp;dop_id=21006465<\/p>\n","protected":false},"author":2,"featured_media":0,"comment_status":"open","ping_status":"closed","sticky":false,"template":"","format":"standard","meta":{"ngg_post_thumbnail":0,"footnotes":""},"categories":[24],"tags":[],"class_list":["post-5793","post","type-post","status-publish","format-standard","hentry","category-zajimavosti"],"_links":{"self":[{"href":"https:\/\/www.infopoint.cz\/polsko\/wp-json\/wp\/v2\/posts\/5793","targetHints":{"allow":["GET"]}}],"collection":[{"href":"https:\/\/www.infopoint.cz\/polsko\/wp-json\/wp\/v2\/posts"}],"about":[{"href":"https:\/\/www.infopoint.cz\/polsko\/wp-json\/wp\/v2\/types\/post"}],"author":[{"embeddable":true,"href":"https:\/\/www.infopoint.cz\/polsko\/wp-json\/wp\/v2\/users\/2"}],"replies":[{"embeddable":true,"href":"https:\/\/www.infopoint.cz\/polsko\/wp-json\/wp\/v2\/comments?post=5793"}],"version-history":[{"count":2,"href":"https:\/\/www.infopoint.cz\/polsko\/wp-json\/wp\/v2\/posts\/5793\/revisions"}],"predecessor-version":[{"id":5795,"href":"https:\/\/www.infopoint.cz\/polsko\/wp-json\/wp\/v2\/posts\/5793\/revisions\/5795"}],"wp:attachment":[{"href":"https:\/\/www.infopoint.cz\/polsko\/wp-json\/wp\/v2\/media?parent=5793"}],"wp:term":[{"taxonomy":"category","embeddable":true,"href":"https:\/\/www.infopoint.cz\/polsko\/wp-json\/wp\/v2\/categories?post=5793"},{"taxonomy":"post_tag","embeddable":true,"href":"https:\/\/www.infopoint.cz\/polsko\/wp-json\/wp\/v2\/tags?post=5793"}],"curies":[{"name":"wp","href":"https:\/\/api.w.org\/{rel}","templated":true}]}}