{"id":5801,"date":"2021-06-07T21:47:44","date_gmt":"2021-06-07T19:47:44","guid":{"rendered":"https:\/\/www.infopoint.cz\/polsko\/?p=5801"},"modified":"2021-09-30T21:49:26","modified_gmt":"2021-09-30T19:49:26","slug":"ministr-brabec-vlada-dnes-odsouhlasila-mandat-k-zahajeni-jednani-s-polskem-o-turowu","status":"publish","type":"post","link":"https:\/\/www.infopoint.cz\/polsko\/ministr-brabec-vlada-dnes-odsouhlasila-mandat-k-zahajeni-jednani-s-polskem-o-turowu\/","title":{"rendered":"Ministr Brabec: Vl\u00e1da dnes odsouhlasila mand\u00e1t k zah\u00e1jen\u00ed jedn\u00e1n\u00ed s Polskem o Tur\u00f3wu"},"content":{"rendered":"<blockquote><p><strong>Spor o t\u011b\u017ebu na dole Tur\u00f3w sm\u011b\u0159uje k jednac\u00edmu stolu. Pot\u00e9 co p\u0159ed n\u011bkolika t\u00fddny Soudn\u00ed dv\u016fr EU na\u0159\u00eddil sv\u00fdm p\u0159edb\u011b\u017en\u00fdm opat\u0159en\u00edm bezodkladn\u011b pozastavit t\u011b\u017ebu na dole Tur\u00f3w, za\u010dalo Polsko s \u010ceskou republikou jednat o podm\u00ednk\u00e1ch mo\u017en\u00e9ho sta\u017een\u00ed \u017ealoby.<\/strong><\/p><\/blockquote>\n<p>Zdroj: <a href=\"https:\/\/www.parlamentnilisty.cz\/politika\/politici-volicum\/Ministr-Brabec-Vlada-dnes-odsouhlasila-mandat-k-zahajeni-jednani-s-Polskem-o-Turowu-666655\">https:\/\/www.parlamentnilisty.cz\/politika\/politici-volicum\/Ministr-Brabec-Vlada-dnes-odsouhlasila-mandat-k-zahajeni-jednani-s-Polskem-o-Turowu-666655<\/a><\/p>\n<p>&nbsp;<\/p>\n","protected":false},"excerpt":{"rendered":"<p>Spor o t\u011b\u017ebu na dole Tur\u00f3w sm\u011b\u0159uje k jednac\u00edmu stolu. Pot\u00e9 co p\u0159ed n\u011bkolika t\u00fddny Soudn\u00ed dv\u016fr EU na\u0159\u00eddil sv\u00fdm p\u0159edb\u011b\u017en\u00fdm opat\u0159en\u00edm bezodkladn\u011b pozastavit t\u011b\u017ebu na dole Tur\u00f3w, za\u010dalo Polsko s \u010ceskou republikou jednat o podm\u00ednk\u00e1ch mo\u017en\u00e9ho sta\u017een\u00ed \u017ealoby. Zdroj: https:\/\/www.parlamentnilisty.cz\/politika\/politici-volicum\/Ministr-Brabec-Vlada-dnes-odsouhlasila-mandat-k-zahajeni-jednani-s-Polskem-o-Turowu-666655 &nbsp;<\/p>\n","protected":false},"author":1,"featured_media":0,"comment_status":"open","ping_status":"closed","sticky":false,"template":"","format":"standard","meta":{"ngg_post_thumbnail":0,"footnotes":""},"categories":[24],"tags":[38],"class_list":["post-5801","post","type-post","status-publish","format-standard","hentry","category-zajimavosti","tag-turow"],"_links":{"self":[{"href":"https:\/\/www.infopoint.cz\/polsko\/wp-json\/wp\/v2\/posts\/5801","targetHints":{"allow":["GET"]}}],"collection":[{"href":"https:\/\/www.infopoint.cz\/polsko\/wp-json\/wp\/v2\/posts"}],"about":[{"href":"https:\/\/www.infopoint.cz\/polsko\/wp-json\/wp\/v2\/types\/post"}],"author":[{"embeddable":true,"href":"https:\/\/www.infopoint.cz\/polsko\/wp-json\/wp\/v2\/users\/1"}],"replies":[{"embeddable":true,"href":"https:\/\/www.infopoint.cz\/polsko\/wp-json\/wp\/v2\/comments?post=5801"}],"version-history":[{"count":1,"href":"https:\/\/www.infopoint.cz\/polsko\/wp-json\/wp\/v2\/posts\/5801\/revisions"}],"predecessor-version":[{"id":5802,"href":"https:\/\/www.infopoint.cz\/polsko\/wp-json\/wp\/v2\/posts\/5801\/revisions\/5802"}],"wp:attachment":[{"href":"https:\/\/www.infopoint.cz\/polsko\/wp-json\/wp\/v2\/media?parent=5801"}],"wp:term":[{"taxonomy":"category","embeddable":true,"href":"https:\/\/www.infopoint.cz\/polsko\/wp-json\/wp\/v2\/categories?post=5801"},{"taxonomy":"post_tag","embeddable":true,"href":"https:\/\/www.infopoint.cz\/polsko\/wp-json\/wp\/v2\/tags?post=5801"}],"curies":[{"name":"wp","href":"https:\/\/api.w.org\/{rel}","templated":true}]}}