{"id":5803,"date":"2021-06-19T21:49:42","date_gmt":"2021-06-19T19:49:42","guid":{"rendered":"https:\/\/www.infopoint.cz\/polsko\/?p=5803"},"modified":"2021-09-30T21:51:17","modified_gmt":"2021-09-30T19:51:17","slug":"expertni-tymy-zatim-nedospely-k-dohode-o-turowu-dalsi-jednani-pristi-tyden","status":"publish","type":"post","link":"https:\/\/www.infopoint.cz\/polsko\/expertni-tymy-zatim-nedospely-k-dohode-o-turowu-dalsi-jednani-pristi-tyden\/","title":{"rendered":"Expertn\u00ed t\u00fdmy zat\u00edm nedosp\u011bly k dohod\u011b o Tur\u00f3wu, dal\u0161\u00ed jedn\u00e1n\u00ed p\u0159\u00ed\u0161t\u00ed t\u00fdden"},"content":{"rendered":"<p><strong>Expertn\u00ed t\u00fdmy \u010cesk\u00e9 republiky a Polska zat\u00edm nedosp\u011bly k dohod\u011b o hn\u011bdouheln\u00e9m dole Tur\u00f3w pobl\u00ed\u017e \u010desk\u00fdch hranic. Jedn\u00e1n\u00ed o mezivl\u00e1dn\u00ed smlouv\u011b, kter\u00e1 m\u00e1 obsahovat \u010desk\u00e9 podm\u00ednky pro p\u0159\u00edpadn\u00e9 zp\u011btvzet\u00ed \u017ealoby u Soudn\u00edho dvora EU, budou pokra\u010dovat p\u0159\u00ed\u0161t\u00ed t\u00fdden. V dne\u0161n\u00ed tiskov\u00e9 zpr\u00e1v\u011b to po dvoudenn\u00edm jedn\u00e1n\u00ed uvedlo ministerstvo \u017eivotn\u00edho prost\u0159ed\u00ed.<\/strong><\/p>\n<p>Zdroj: <a href=\"https:\/\/www.parlamentnilisty.cz\/arena\/monitor\/Expertni-tymy-zatim-nedospely-k-dohode-o-Turowu-dalsi-jednani-pristi-tyden-667960\">https:\/\/www.parlamentnilisty.cz\/arena\/monitor\/Expertni-tymy-zatim-nedospely-k-dohode-o-Turowu-dalsi-jednani-pristi-tyden-667960<\/a><\/p>\n","protected":false},"excerpt":{"rendered":"<p>Expertn\u00ed t\u00fdmy \u010cesk\u00e9 republiky a Polska zat\u00edm nedosp\u011bly k dohod\u011b o hn\u011bdouheln\u00e9m dole Tur\u00f3w pobl\u00ed\u017e \u010desk\u00fdch hranic. Jedn\u00e1n\u00ed o mezivl\u00e1dn\u00ed smlouv\u011b, kter\u00e1 m\u00e1 obsahovat \u010desk\u00e9 podm\u00ednky pro p\u0159\u00edpadn\u00e9 zp\u011btvzet\u00ed \u017ealoby u Soudn\u00edho dvora EU, budou pokra\u010dovat p\u0159\u00ed\u0161t\u00ed t\u00fdden. V dne\u0161n\u00ed tiskov\u00e9 zpr\u00e1v\u011b to po dvoudenn\u00edm jedn\u00e1n\u00ed uvedlo ministerstvo \u017eivotn\u00edho prost\u0159ed\u00ed. Zdroj: https:\/\/www.parlamentnilisty.cz\/arena\/monitor\/Expertni-tymy-zatim-nedospely-k-dohode-o-Turowu-dalsi-jednani-pristi-tyden-667960<\/p>\n","protected":false},"author":1,"featured_media":0,"comment_status":"open","ping_status":"closed","sticky":false,"template":"","format":"standard","meta":{"ngg_post_thumbnail":0,"footnotes":""},"categories":[24],"tags":[38],"class_list":["post-5803","post","type-post","status-publish","format-standard","hentry","category-zajimavosti","tag-turow"],"_links":{"self":[{"href":"https:\/\/www.infopoint.cz\/polsko\/wp-json\/wp\/v2\/posts\/5803","targetHints":{"allow":["GET"]}}],"collection":[{"href":"https:\/\/www.infopoint.cz\/polsko\/wp-json\/wp\/v2\/posts"}],"about":[{"href":"https:\/\/www.infopoint.cz\/polsko\/wp-json\/wp\/v2\/types\/post"}],"author":[{"embeddable":true,"href":"https:\/\/www.infopoint.cz\/polsko\/wp-json\/wp\/v2\/users\/1"}],"replies":[{"embeddable":true,"href":"https:\/\/www.infopoint.cz\/polsko\/wp-json\/wp\/v2\/comments?post=5803"}],"version-history":[{"count":1,"href":"https:\/\/www.infopoint.cz\/polsko\/wp-json\/wp\/v2\/posts\/5803\/revisions"}],"predecessor-version":[{"id":5804,"href":"https:\/\/www.infopoint.cz\/polsko\/wp-json\/wp\/v2\/posts\/5803\/revisions\/5804"}],"wp:attachment":[{"href":"https:\/\/www.infopoint.cz\/polsko\/wp-json\/wp\/v2\/media?parent=5803"}],"wp:term":[{"taxonomy":"category","embeddable":true,"href":"https:\/\/www.infopoint.cz\/polsko\/wp-json\/wp\/v2\/categories?post=5803"},{"taxonomy":"post_tag","embeddable":true,"href":"https:\/\/www.infopoint.cz\/polsko\/wp-json\/wp\/v2\/tags?post=5803"}],"curies":[{"name":"wp","href":"https:\/\/api.w.org\/{rel}","templated":true}]}}