{"id":5807,"date":"2021-09-23T21:53:09","date_gmt":"2021-09-23T19:53:09","guid":{"rendered":"https:\/\/www.infopoint.cz\/polsko\/?p=5807"},"modified":"2021-09-30T21:54:02","modified_gmt":"2021-09-30T19:54:02","slug":"knize-schwarzenberg-se-rozpovidal-o-polacich-prehnane-a-blbe-hulvat","status":"publish","type":"post","link":"https:\/\/www.infopoint.cz\/polsko\/knize-schwarzenberg-se-rozpovidal-o-polacich-prehnane-a-blbe-hulvat\/","title":{"rendered":"Kn\u00ed\u017ee Schwarzenberg se rozpov\u00eddal o Pol\u00e1c\u00edch: P\u0159ehnan\u00e9 a blb\u00e9. Hulv\u00e1t"},"content":{"rendered":"<p><strong>Polsk\u00fd premi\u00e9r Mateusz Morawiecki dnes d\u016frazn\u011b odm\u00edtl pond\u011bln\u00ed rozhodnut\u00ed Soudn\u00edho dvora Evropsk\u00e9 unie ulo\u017eit Polsku pokutu kv\u016fli sporu s \u010ceskem ohledn\u011b dolu Tur\u00f3w. Odm\u00edtl se tak\u00e9 \u00fa\u010dastnit budape\u0161\u0165sk\u00e9ho demografick\u00e9ho summitu s odkazem na to, \u017ee tam bude i \u010desk\u00fd premi\u00e9r Andrej Babi\u0161 (ANO). \u201eZe strany Polska je to p\u0159ehnan\u00e9 a blb\u00e9. Ke kompromisu dojde, ale a\u017e po volb\u00e1ch,\u201c glosoval situaci v po\u0159adu Interview \u010cT24 m\u00edstop\u0159edseda zahrani\u010dn\u00edho v\u00fdboru Poslaneck\u00e9 sn\u011bmovny a b\u00fdval\u00fd ministr zahrani\u010d\u00ed Karel Schwarzenberg (TOP 09).<\/strong><\/p>\n<p>Zdroj: <a href=\"https:\/\/www.parlamentnilisty.cz\/arena\/monitor\/Knize-Schwarzenberg-se-rozpovidal-o-Polacich-Prehnane-a-blbe-Hulvat-677969\">https:\/\/www.parlamentnilisty.cz\/arena\/monitor\/Knize-Schwarzenberg-se-rozpovidal-o-Polacich-Prehnane-a-blbe-Hulvat-677969<\/a><\/p>\n","protected":false},"excerpt":{"rendered":"<p>Polsk\u00fd premi\u00e9r Mateusz Morawiecki dnes d\u016frazn\u011b odm\u00edtl pond\u011bln\u00ed rozhodnut\u00ed Soudn\u00edho dvora Evropsk\u00e9 unie ulo\u017eit Polsku pokutu kv\u016fli sporu s \u010ceskem ohledn\u011b dolu Tur\u00f3w. Odm\u00edtl se tak\u00e9 \u00fa\u010dastnit budape\u0161\u0165sk\u00e9ho demografick\u00e9ho summitu s odkazem na to, \u017ee tam bude i \u010desk\u00fd premi\u00e9r Andrej Babi\u0161 (ANO). \u201eZe strany Polska je to p\u0159ehnan\u00e9 a blb\u00e9. Ke kompromisu dojde, ale [&hellip;]<\/p>\n","protected":false},"author":1,"featured_media":0,"comment_status":"open","ping_status":"closed","sticky":false,"template":"","format":"standard","meta":{"ngg_post_thumbnail":0,"footnotes":""},"categories":[24],"tags":[38],"class_list":["post-5807","post","type-post","status-publish","format-standard","hentry","category-zajimavosti","tag-turow"],"_links":{"self":[{"href":"https:\/\/www.infopoint.cz\/polsko\/wp-json\/wp\/v2\/posts\/5807","targetHints":{"allow":["GET"]}}],"collection":[{"href":"https:\/\/www.infopoint.cz\/polsko\/wp-json\/wp\/v2\/posts"}],"about":[{"href":"https:\/\/www.infopoint.cz\/polsko\/wp-json\/wp\/v2\/types\/post"}],"author":[{"embeddable":true,"href":"https:\/\/www.infopoint.cz\/polsko\/wp-json\/wp\/v2\/users\/1"}],"replies":[{"embeddable":true,"href":"https:\/\/www.infopoint.cz\/polsko\/wp-json\/wp\/v2\/comments?post=5807"}],"version-history":[{"count":2,"href":"https:\/\/www.infopoint.cz\/polsko\/wp-json\/wp\/v2\/posts\/5807\/revisions"}],"predecessor-version":[{"id":5809,"href":"https:\/\/www.infopoint.cz\/polsko\/wp-json\/wp\/v2\/posts\/5807\/revisions\/5809"}],"wp:attachment":[{"href":"https:\/\/www.infopoint.cz\/polsko\/wp-json\/wp\/v2\/media?parent=5807"}],"wp:term":[{"taxonomy":"category","embeddable":true,"href":"https:\/\/www.infopoint.cz\/polsko\/wp-json\/wp\/v2\/categories?post=5807"},{"taxonomy":"post_tag","embeddable":true,"href":"https:\/\/www.infopoint.cz\/polsko\/wp-json\/wp\/v2\/tags?post=5807"}],"curies":[{"name":"wp","href":"https:\/\/api.w.org\/{rel}","templated":true}]}}