{"id":5814,"date":"2021-09-24T21:59:55","date_gmt":"2021-09-24T19:59:55","guid":{"rendered":"https:\/\/www.infopoint.cz\/polsko\/?p=5814"},"modified":"2021-09-30T22:01:06","modified_gmt":"2021-09-30T20:01:06","slug":"dokud-neni-domluveno-vsechno-neni-domluveno-nic-spor-o-turow-pokracuje","status":"publish","type":"post","link":"https:\/\/www.infopoint.cz\/polsko\/dokud-neni-domluveno-vsechno-neni-domluveno-nic-spor-o-turow-pokracuje\/","title":{"rendered":"Dokud nen\u00ed domluveno v\u0161echno, nen\u00ed domluveno nic. Spor o Tur\u00f3w pokra\u010duje"},"content":{"rendered":"<blockquote><p>Vyost\u0159enou situaci kolem polsk\u00e9ho hn\u011bdouheln\u00e9ho dolu Tur\u00f3w op\u011bt projedn\u00e1vali v p\u00e1tek \u010de\u0161t\u00ed a pol\u0161t\u00ed z\u00e1stupci. Ministr Brabec zaznamenal posun v n\u011bkter\u00fdch sporn\u00fdch bodech. Podle polsk\u00e9 strany by se spor m\u011bl vy\u0159e\u0161it p\u0159i dvoustrann\u00fdch jedn\u00e1n\u00edch, ne eskalovat na \u00farovni Evropsk\u00e9 unie. Jednat se bude op\u011bt p\u0159\u00ed\u0161t\u00ed t\u00fdden.<\/p><\/blockquote>\n<p>Zdroj: <a href=\"https:\/\/www.idnes.cz\/zpravy\/domaci\/polsko-dul-turow-babis-jednani-delegace-diplomacie.A210924_110239_domaci_dape\">https:\/\/www.idnes.cz\/zpravy\/domaci\/polsko-dul-turow-babis-jednani-delegace-diplomacie.A210924_110239_domaci_dape<\/a><\/p>\n<p>&nbsp;<\/p>\n","protected":false},"excerpt":{"rendered":"<p>Vyost\u0159enou situaci kolem polsk\u00e9ho hn\u011bdouheln\u00e9ho dolu Tur\u00f3w op\u011bt projedn\u00e1vali v p\u00e1tek \u010de\u0161t\u00ed a pol\u0161t\u00ed z\u00e1stupci. Ministr Brabec zaznamenal posun v n\u011bkter\u00fdch sporn\u00fdch bodech. Podle polsk\u00e9 strany by se spor m\u011bl vy\u0159e\u0161it p\u0159i dvoustrann\u00fdch jedn\u00e1n\u00edch, ne eskalovat na \u00farovni Evropsk\u00e9 unie. Jednat se bude op\u011bt p\u0159\u00ed\u0161t\u00ed t\u00fdden. Zdroj: https:\/\/www.idnes.cz\/zpravy\/domaci\/polsko-dul-turow-babis-jednani-delegace-diplomacie.A210924_110239_domaci_dape &nbsp;<\/p>\n","protected":false},"author":1,"featured_media":0,"comment_status":"open","ping_status":"closed","sticky":false,"template":"","format":"standard","meta":{"ngg_post_thumbnail":0,"footnotes":""},"categories":[24],"tags":[38],"class_list":["post-5814","post","type-post","status-publish","format-standard","hentry","category-zajimavosti","tag-turow"],"_links":{"self":[{"href":"https:\/\/www.infopoint.cz\/polsko\/wp-json\/wp\/v2\/posts\/5814","targetHints":{"allow":["GET"]}}],"collection":[{"href":"https:\/\/www.infopoint.cz\/polsko\/wp-json\/wp\/v2\/posts"}],"about":[{"href":"https:\/\/www.infopoint.cz\/polsko\/wp-json\/wp\/v2\/types\/post"}],"author":[{"embeddable":true,"href":"https:\/\/www.infopoint.cz\/polsko\/wp-json\/wp\/v2\/users\/1"}],"replies":[{"embeddable":true,"href":"https:\/\/www.infopoint.cz\/polsko\/wp-json\/wp\/v2\/comments?post=5814"}],"version-history":[{"count":1,"href":"https:\/\/www.infopoint.cz\/polsko\/wp-json\/wp\/v2\/posts\/5814\/revisions"}],"predecessor-version":[{"id":5815,"href":"https:\/\/www.infopoint.cz\/polsko\/wp-json\/wp\/v2\/posts\/5814\/revisions\/5815"}],"wp:attachment":[{"href":"https:\/\/www.infopoint.cz\/polsko\/wp-json\/wp\/v2\/media?parent=5814"}],"wp:term":[{"taxonomy":"category","embeddable":true,"href":"https:\/\/www.infopoint.cz\/polsko\/wp-json\/wp\/v2\/categories?post=5814"},{"taxonomy":"post_tag","embeddable":true,"href":"https:\/\/www.infopoint.cz\/polsko\/wp-json\/wp\/v2\/tags?post=5814"}],"curies":[{"name":"wp","href":"https:\/\/api.w.org\/{rel}","templated":true}]}}