{"id":5818,"date":"2021-09-23T22:03:16","date_gmt":"2021-09-23T20:03:16","guid":{"rendered":"https:\/\/www.infopoint.cz\/polsko\/?p=5818"},"modified":"2021-09-30T22:04:02","modified_gmt":"2021-09-30T20:04:02","slug":"morawiecki-zrusil-kvuli-turowu-cestu-na-summit-nechci-tomu-verit-rekl-babis","status":"publish","type":"post","link":"https:\/\/www.infopoint.cz\/polsko\/morawiecki-zrusil-kvuli-turowu-cestu-na-summit-nechci-tomu-verit-rekl-babis\/","title":{"rendered":"Morawiecki zru\u0161il kv\u016fli Tur\u00f3wu cestu na summit. Nechci tomu v\u011b\u0159it, \u0159ekl Babi\u0161"},"content":{"rendered":"<blockquote>\n<div class=\"opener\"><span class=\"domicil\">Budape\u0161\u0165 (od zpravodaje iDNES.cz) &#8211; <\/span> Polsk\u00fd premi\u00e9r Mateusz Morawiecki nedorazil na demografick\u00fd summit do Ma\u010farska kv\u016fli tomu, \u017ee mezi \u0159e\u010dn\u00edky byl tak\u00e9 \u010desk\u00fd premi\u00e9r Andrej Babi\u0161. Zru\u0161en\u00ed cesty \u0161\u00e9fem polsk\u00e9 vl\u00e1dy je podle provl\u00e1dn\u00edho serveru wPolityce.pl sign\u00e1lem pro \u010cesko ohledn\u011b sporu o d\u016fl Tur\u00f3w. \u201eMn\u011b se tomu ani nechce v\u011b\u0159it,\u201c reagoval Babi\u0161.<\/div>\n<\/blockquote>\n<p>Zdroj: <a href=\"https:\/\/www.idnes.cz\/zpravy\/zahranicni\/summit-v4-polsky-premier-morawiecki-zrusil-cestu-kvuli-babisovi.A210923_081347_zahranicni_wass\">https:\/\/www.idnes.cz\/zpravy\/zahranicni\/summit-v4-polsky-premier-morawiecki-zrusil-cestu-kvuli-babisovi.A210923_081347_zahranicni_wass<\/a><\/p>\n","protected":false},"excerpt":{"rendered":"<p>Budape\u0161\u0165 (od zpravodaje iDNES.cz) &#8211; Polsk\u00fd premi\u00e9r Mateusz Morawiecki nedorazil na demografick\u00fd summit do Ma\u010farska kv\u016fli tomu, \u017ee mezi \u0159e\u010dn\u00edky byl tak\u00e9 \u010desk\u00fd premi\u00e9r Andrej Babi\u0161. Zru\u0161en\u00ed cesty \u0161\u00e9fem polsk\u00e9 vl\u00e1dy je podle provl\u00e1dn\u00edho serveru wPolityce.pl sign\u00e1lem pro \u010cesko ohledn\u011b sporu o d\u016fl Tur\u00f3w. \u201eMn\u011b se tomu ani nechce v\u011b\u0159it,\u201c reagoval Babi\u0161. Zdroj: https:\/\/www.idnes.cz\/zpravy\/zahranicni\/summit-v4-polsky-premier-morawiecki-zrusil-cestu-kvuli-babisovi.A210923_081347_zahranicni_wass<\/p>\n","protected":false},"author":1,"featured_media":0,"comment_status":"open","ping_status":"closed","sticky":false,"template":"","format":"standard","meta":{"ngg_post_thumbnail":0,"footnotes":""},"categories":[24],"tags":[38],"class_list":["post-5818","post","type-post","status-publish","format-standard","hentry","category-zajimavosti","tag-turow"],"_links":{"self":[{"href":"https:\/\/www.infopoint.cz\/polsko\/wp-json\/wp\/v2\/posts\/5818","targetHints":{"allow":["GET"]}}],"collection":[{"href":"https:\/\/www.infopoint.cz\/polsko\/wp-json\/wp\/v2\/posts"}],"about":[{"href":"https:\/\/www.infopoint.cz\/polsko\/wp-json\/wp\/v2\/types\/post"}],"author":[{"embeddable":true,"href":"https:\/\/www.infopoint.cz\/polsko\/wp-json\/wp\/v2\/users\/1"}],"replies":[{"embeddable":true,"href":"https:\/\/www.infopoint.cz\/polsko\/wp-json\/wp\/v2\/comments?post=5818"}],"version-history":[{"count":1,"href":"https:\/\/www.infopoint.cz\/polsko\/wp-json\/wp\/v2\/posts\/5818\/revisions"}],"predecessor-version":[{"id":5819,"href":"https:\/\/www.infopoint.cz\/polsko\/wp-json\/wp\/v2\/posts\/5818\/revisions\/5819"}],"wp:attachment":[{"href":"https:\/\/www.infopoint.cz\/polsko\/wp-json\/wp\/v2\/media?parent=5818"}],"wp:term":[{"taxonomy":"category","embeddable":true,"href":"https:\/\/www.infopoint.cz\/polsko\/wp-json\/wp\/v2\/categories?post=5818"},{"taxonomy":"post_tag","embeddable":true,"href":"https:\/\/www.infopoint.cz\/polsko\/wp-json\/wp\/v2\/tags?post=5818"}],"curies":[{"name":"wp","href":"https:\/\/api.w.org\/{rel}","templated":true}]}}