{"id":5820,"date":"2021-05-21T22:06:00","date_gmt":"2021-05-21T20:06:00","guid":{"rendered":"https:\/\/www.infopoint.cz\/polsko\/?p=5820"},"modified":"2021-09-30T22:06:39","modified_gmt":"2021-09-30T20:06:39","slug":"soudni-dvur-naridil-polsku-bezodkladne-pozastavit-tezbu-uhli-v-dole-turow","status":"publish","type":"post","link":"https:\/\/www.infopoint.cz\/polsko\/soudni-dvur-naridil-polsku-bezodkladne-pozastavit-tezbu-uhli-v-dole-turow\/","title":{"rendered":"Soudn\u00ed dv\u016fr na\u0159\u00eddil Polsku bezodkladn\u011b pozastavit t\u011b\u017ebu uhl\u00ed v dole Tur\u00f3w"},"content":{"rendered":"<blockquote>\n<div class=\"opener\">Soudn\u00ed dv\u016fr Evropsk\u00e9 unie na z\u00e1klad\u011b n\u00e1vrhu \u010cesk\u00e9 republiky na\u0159\u00eddil Polsku bezodkladn\u011b pozastavit t\u011b\u017ebu uhl\u00ed v dole Tur\u00f3w do doby meritorn\u00edho rozhodnut\u00ed. Informoval o tom na Twitteru ministr zahrani\u010d\u00ed Jakub Kulh\u00e1nek.<\/div>\n<\/blockquote>\n<p>Zdroj: <a href=\"https:\/\/www.idnes.cz\/liberec\/zpravy\/polsko-dul-zastavit-tezbu-jakub-kulhanek.A210521_122629_liberec-zpravy_jape\">https:\/\/www.idnes.cz\/liberec\/zpravy\/polsko-dul-zastavit-tezbu-jakub-kulhanek.A210521_122629_liberec-zpravy_jape<\/a><\/p>\n","protected":false},"excerpt":{"rendered":"<p>Soudn\u00ed dv\u016fr Evropsk\u00e9 unie na z\u00e1klad\u011b n\u00e1vrhu \u010cesk\u00e9 republiky na\u0159\u00eddil Polsku bezodkladn\u011b pozastavit t\u011b\u017ebu uhl\u00ed v dole Tur\u00f3w do doby meritorn\u00edho rozhodnut\u00ed. Informoval o tom na Twitteru ministr zahrani\u010d\u00ed Jakub Kulh\u00e1nek. Zdroj: https:\/\/www.idnes.cz\/liberec\/zpravy\/polsko-dul-zastavit-tezbu-jakub-kulhanek.A210521_122629_liberec-zpravy_jape<\/p>\n","protected":false},"author":1,"featured_media":0,"comment_status":"open","ping_status":"closed","sticky":false,"template":"","format":"standard","meta":{"ngg_post_thumbnail":0,"footnotes":""},"categories":[24],"tags":[38],"class_list":["post-5820","post","type-post","status-publish","format-standard","hentry","category-zajimavosti","tag-turow"],"_links":{"self":[{"href":"https:\/\/www.infopoint.cz\/polsko\/wp-json\/wp\/v2\/posts\/5820","targetHints":{"allow":["GET"]}}],"collection":[{"href":"https:\/\/www.infopoint.cz\/polsko\/wp-json\/wp\/v2\/posts"}],"about":[{"href":"https:\/\/www.infopoint.cz\/polsko\/wp-json\/wp\/v2\/types\/post"}],"author":[{"embeddable":true,"href":"https:\/\/www.infopoint.cz\/polsko\/wp-json\/wp\/v2\/users\/1"}],"replies":[{"embeddable":true,"href":"https:\/\/www.infopoint.cz\/polsko\/wp-json\/wp\/v2\/comments?post=5820"}],"version-history":[{"count":1,"href":"https:\/\/www.infopoint.cz\/polsko\/wp-json\/wp\/v2\/posts\/5820\/revisions"}],"predecessor-version":[{"id":5821,"href":"https:\/\/www.infopoint.cz\/polsko\/wp-json\/wp\/v2\/posts\/5820\/revisions\/5821"}],"wp:attachment":[{"href":"https:\/\/www.infopoint.cz\/polsko\/wp-json\/wp\/v2\/media?parent=5820"}],"wp:term":[{"taxonomy":"category","embeddable":true,"href":"https:\/\/www.infopoint.cz\/polsko\/wp-json\/wp\/v2\/categories?post=5820"},{"taxonomy":"post_tag","embeddable":true,"href":"https:\/\/www.infopoint.cz\/polsko\/wp-json\/wp\/v2\/tags?post=5820"}],"curies":[{"name":"wp","href":"https:\/\/api.w.org\/{rel}","templated":true}]}}