{"id":5822,"date":"2021-02-26T22:07:49","date_gmt":"2021-02-26T21:07:49","guid":{"rendered":"https:\/\/www.infopoint.cz\/polsko\/?p=5822"},"modified":"2021-09-30T22:08:23","modified_gmt":"2021-09-30T20:08:23","slug":"cesko-voli-krajni-reseni-zaluje-polsko-kvuli-rozsirovani-tezby-v-dole-turow","status":"publish","type":"post","link":"https:\/\/www.infopoint.cz\/polsko\/cesko-voli-krajni-reseni-zaluje-polsko-kvuli-rozsirovani-tezby-v-dole-turow\/","title":{"rendered":"\u010cesko vol\u00ed krajn\u00ed \u0159e\u0161en\u00ed, \u017ealuje Polsko kv\u016fli roz\u0161i\u0159ov\u00e1n\u00ed t\u011b\u017eby v dole Tur\u00f3w"},"content":{"rendered":"<blockquote>\n<div class=\"opener\">\u010cesko podalo k Soudn\u00edmu dvoru EU \u017ealobu na Polsko kv\u016fli roz\u0161i\u0159ov\u00e1n\u00ed t\u011b\u017eby v hn\u011bdouheln\u00e9m dole Tur\u00f3w. Ozn\u00e1milo to ministerstvo \u017eivotn\u00edho prost\u0159ed\u00ed. Praha vyt\u00fdk\u00e1 Var\u0161av\u011b to, \u017ee v souvislosti s roz\u0161\u00ed\u0159en\u00edm t\u011b\u017eby poru\u0161ila unijn\u00ed pr\u00e1vo, sou\u010d\u00e1st\u00ed \u017ealoby je tak\u00e9 \u017e\u00e1dost o zastaven\u00ed t\u011b\u017eby uhl\u00ed v dole do doby, ne\u017e unijn\u00ed soud rozhodne.<\/div>\n<\/blockquote>\n<p>Zdroj: <a href=\"https:\/\/www.idnes.cz\/zpravy\/domaci\/dul-turow-zaloba-cesko-polsko.A210226_192827_domaci_jan\">https:\/\/www.idnes.cz\/zpravy\/domaci\/dul-turow-zaloba-cesko-polsko.A210226_192827_domaci_jan<\/a><\/p>\n","protected":false},"excerpt":{"rendered":"<p>\u010cesko podalo k Soudn\u00edmu dvoru EU \u017ealobu na Polsko kv\u016fli roz\u0161i\u0159ov\u00e1n\u00ed t\u011b\u017eby v hn\u011bdouheln\u00e9m dole Tur\u00f3w. Ozn\u00e1milo to ministerstvo \u017eivotn\u00edho prost\u0159ed\u00ed. Praha vyt\u00fdk\u00e1 Var\u0161av\u011b to, \u017ee v souvislosti s roz\u0161\u00ed\u0159en\u00edm t\u011b\u017eby poru\u0161ila unijn\u00ed pr\u00e1vo, sou\u010d\u00e1st\u00ed \u017ealoby je tak\u00e9 \u017e\u00e1dost o zastaven\u00ed t\u011b\u017eby uhl\u00ed v dole do doby, ne\u017e unijn\u00ed soud rozhodne. Zdroj: https:\/\/www.idnes.cz\/zpravy\/domaci\/dul-turow-zaloba-cesko-polsko.A210226_192827_domaci_jan<\/p>\n","protected":false},"author":1,"featured_media":0,"comment_status":"open","ping_status":"closed","sticky":false,"template":"","format":"standard","meta":{"ngg_post_thumbnail":0,"footnotes":""},"categories":[24],"tags":[38],"class_list":["post-5822","post","type-post","status-publish","format-standard","hentry","category-zajimavosti","tag-turow"],"_links":{"self":[{"href":"https:\/\/www.infopoint.cz\/polsko\/wp-json\/wp\/v2\/posts\/5822","targetHints":{"allow":["GET"]}}],"collection":[{"href":"https:\/\/www.infopoint.cz\/polsko\/wp-json\/wp\/v2\/posts"}],"about":[{"href":"https:\/\/www.infopoint.cz\/polsko\/wp-json\/wp\/v2\/types\/post"}],"author":[{"embeddable":true,"href":"https:\/\/www.infopoint.cz\/polsko\/wp-json\/wp\/v2\/users\/1"}],"replies":[{"embeddable":true,"href":"https:\/\/www.infopoint.cz\/polsko\/wp-json\/wp\/v2\/comments?post=5822"}],"version-history":[{"count":1,"href":"https:\/\/www.infopoint.cz\/polsko\/wp-json\/wp\/v2\/posts\/5822\/revisions"}],"predecessor-version":[{"id":5823,"href":"https:\/\/www.infopoint.cz\/polsko\/wp-json\/wp\/v2\/posts\/5822\/revisions\/5823"}],"wp:attachment":[{"href":"https:\/\/www.infopoint.cz\/polsko\/wp-json\/wp\/v2\/media?parent=5822"}],"wp:term":[{"taxonomy":"category","embeddable":true,"href":"https:\/\/www.infopoint.cz\/polsko\/wp-json\/wp\/v2\/categories?post=5822"},{"taxonomy":"post_tag","embeddable":true,"href":"https:\/\/www.infopoint.cz\/polsko\/wp-json\/wp\/v2\/tags?post=5822"}],"curies":[{"name":"wp","href":"https:\/\/api.w.org\/{rel}","templated":true}]}}