{"id":5826,"date":"2021-02-18T22:10:50","date_gmt":"2021-02-18T21:10:50","guid":{"rendered":"https:\/\/www.infopoint.cz\/polsko\/?p=5826"},"modified":"2021-09-30T22:11:24","modified_gmt":"2021-09-30T20:11:24","slug":"dul-turow-bere-vodu-potvrdil-pruzkum-liberecky-kraj-zada-zalobu-na-polsko","status":"publish","type":"post","link":"https:\/\/www.infopoint.cz\/polsko\/dul-turow-bere-vodu-potvrdil-pruzkum-liberecky-kraj-zada-zalobu-na-polsko\/","title":{"rendered":"D\u016fl Tur\u00f3w bere vodu, potvrdil pr\u016fzkum. Libereck\u00fd kraj \u017e\u00e1d\u00e1 \u017ealobu na Polsko"},"content":{"rendered":"<blockquote>\n<div class=\"opener\">Rypadla roz\u0161i\u0159uj\u00edc\u00ed polsk\u00fd hn\u011bdouheln\u00fd d\u016fl Tur\u00f3w jsou st\u00e1le bl\u00ed\u017e \u010desk\u00fdm hranic\u00edm. Zpr\u00e1va \u010cesk\u00e9 geologick\u00e9 slu\u017eby p\u0159itom potvrdila, \u017ee hladiny podzemn\u00edch vod maj\u00ed v d\u016fsledku st\u00e1le se roz\u0161i\u0159uj\u00edc\u00ed t\u011b\u017eby tendenci klesat. Nestabiln\u00ed je podle m\u011b\u0159en\u00ed tak\u00e9 stav ter\u00e9nu na Hr\u00e1decku.<\/div>\n<\/blockquote>\n<p>Zdroj: <a href=\"https:\/\/www.idnes.cz\/liberec\/zpravy\/liberecky-kraj-polsko-dul-turow-zazalujte.A210218_142151_liberec-zpravy_jape\">https:\/\/www.idnes.cz\/liberec\/zpravy\/liberecky-kraj-polsko-dul-turow-zazalujte.A210218_142151_liberec-zpravy_jape<\/a><\/p>\n","protected":false},"excerpt":{"rendered":"<p>Rypadla roz\u0161i\u0159uj\u00edc\u00ed polsk\u00fd hn\u011bdouheln\u00fd d\u016fl Tur\u00f3w jsou st\u00e1le bl\u00ed\u017e \u010desk\u00fdm hranic\u00edm. Zpr\u00e1va \u010cesk\u00e9 geologick\u00e9 slu\u017eby p\u0159itom potvrdila, \u017ee hladiny podzemn\u00edch vod maj\u00ed v d\u016fsledku st\u00e1le se roz\u0161i\u0159uj\u00edc\u00ed t\u011b\u017eby tendenci klesat. Nestabiln\u00ed je podle m\u011b\u0159en\u00ed tak\u00e9 stav ter\u00e9nu na Hr\u00e1decku. Zdroj: https:\/\/www.idnes.cz\/liberec\/zpravy\/liberecky-kraj-polsko-dul-turow-zazalujte.A210218_142151_liberec-zpravy_jape<\/p>\n","protected":false},"author":1,"featured_media":0,"comment_status":"open","ping_status":"closed","sticky":false,"template":"","format":"standard","meta":{"ngg_post_thumbnail":0,"footnotes":""},"categories":[24],"tags":[38],"class_list":["post-5826","post","type-post","status-publish","format-standard","hentry","category-zajimavosti","tag-turow"],"_links":{"self":[{"href":"https:\/\/www.infopoint.cz\/polsko\/wp-json\/wp\/v2\/posts\/5826","targetHints":{"allow":["GET"]}}],"collection":[{"href":"https:\/\/www.infopoint.cz\/polsko\/wp-json\/wp\/v2\/posts"}],"about":[{"href":"https:\/\/www.infopoint.cz\/polsko\/wp-json\/wp\/v2\/types\/post"}],"author":[{"embeddable":true,"href":"https:\/\/www.infopoint.cz\/polsko\/wp-json\/wp\/v2\/users\/1"}],"replies":[{"embeddable":true,"href":"https:\/\/www.infopoint.cz\/polsko\/wp-json\/wp\/v2\/comments?post=5826"}],"version-history":[{"count":1,"href":"https:\/\/www.infopoint.cz\/polsko\/wp-json\/wp\/v2\/posts\/5826\/revisions"}],"predecessor-version":[{"id":5827,"href":"https:\/\/www.infopoint.cz\/polsko\/wp-json\/wp\/v2\/posts\/5826\/revisions\/5827"}],"wp:attachment":[{"href":"https:\/\/www.infopoint.cz\/polsko\/wp-json\/wp\/v2\/media?parent=5826"}],"wp:term":[{"taxonomy":"category","embeddable":true,"href":"https:\/\/www.infopoint.cz\/polsko\/wp-json\/wp\/v2\/categories?post=5826"},{"taxonomy":"post_tag","embeddable":true,"href":"https:\/\/www.infopoint.cz\/polsko\/wp-json\/wp\/v2\/tags?post=5826"}],"curies":[{"name":"wp","href":"https:\/\/api.w.org\/{rel}","templated":true}]}}