{"id":5828,"date":"2020-12-17T22:11:39","date_gmt":"2020-12-17T21:11:39","guid":{"rendered":"https:\/\/www.infopoint.cz\/polsko\/?p=5828"},"modified":"2021-09-30T22:12:16","modified_gmt":"2021-09-30T20:12:16","slug":"evropska-komise-dala-cesku-castecne-za-pravdu-ve-sporu-o-dul-turow","status":"publish","type":"post","link":"https:\/\/www.infopoint.cz\/polsko\/evropska-komise-dala-cesku-castecne-za-pravdu-ve-sporu-o-dul-turow\/","title":{"rendered":"Evropsk\u00e1 komise dala \u010cesku \u010d\u00e1ste\u010dn\u011b za pravdu ve sporu o d\u016fl Tur\u00f3w"},"content":{"rendered":"<blockquote>\n<div class=\"opener\">Evropsk\u00e1 komise dnes dala \u010d\u00e1ste\u010dn\u011b za pravdu \u010cesku ve sporu s Polskem o prodlou\u017een\u00ed a roz\u0161\u00ed\u0159en\u00ed t\u011b\u017eby v hn\u011bdouheln\u00e9m dole Tur\u00f3w pobl\u00ed\u017e \u010desk\u00fdch hranic. Exekutiva Evropsk\u00e9 unie dosp\u011bla k z\u00e1v\u011bru, \u017ee Polsko nespr\u00e1vn\u011b posuzuje vliv dolu na \u017eivotn\u00ed prost\u0159ed\u00ed a nedostate\u010dn\u011b informovalo o sv\u00fdch z\u00e1m\u011brech sousedn\u00ed st\u00e1ty.<\/div>\n<\/blockquote>\n<p>Zdroj: <a href=\"https:\/\/www.idnes.cz\/liberec\/zpravy\/turow-dul-voda-uhli-spor-cesko-polsko-evropska-komise.A201217_185426_liberec-zpravy_zuf\">https:\/\/www.idnes.cz\/liberec\/zpravy\/turow-dul-voda-uhli-spor-cesko-polsko-evropska-komise.A201217_185426_liberec-zpravy_zuf<\/a><\/p>\n","protected":false},"excerpt":{"rendered":"<p>Evropsk\u00e1 komise dnes dala \u010d\u00e1ste\u010dn\u011b za pravdu \u010cesku ve sporu s Polskem o prodlou\u017een\u00ed a roz\u0161\u00ed\u0159en\u00ed t\u011b\u017eby v hn\u011bdouheln\u00e9m dole Tur\u00f3w pobl\u00ed\u017e \u010desk\u00fdch hranic. Exekutiva Evropsk\u00e9 unie dosp\u011bla k z\u00e1v\u011bru, \u017ee Polsko nespr\u00e1vn\u011b posuzuje vliv dolu na \u017eivotn\u00ed prost\u0159ed\u00ed a nedostate\u010dn\u011b informovalo o sv\u00fdch z\u00e1m\u011brech sousedn\u00ed st\u00e1ty. Zdroj: https:\/\/www.idnes.cz\/liberec\/zpravy\/turow-dul-voda-uhli-spor-cesko-polsko-evropska-komise.A201217_185426_liberec-zpravy_zuf<\/p>\n","protected":false},"author":1,"featured_media":0,"comment_status":"open","ping_status":"closed","sticky":false,"template":"","format":"standard","meta":{"ngg_post_thumbnail":0,"footnotes":""},"categories":[24],"tags":[38],"class_list":["post-5828","post","type-post","status-publish","format-standard","hentry","category-zajimavosti","tag-turow"],"_links":{"self":[{"href":"https:\/\/www.infopoint.cz\/polsko\/wp-json\/wp\/v2\/posts\/5828","targetHints":{"allow":["GET"]}}],"collection":[{"href":"https:\/\/www.infopoint.cz\/polsko\/wp-json\/wp\/v2\/posts"}],"about":[{"href":"https:\/\/www.infopoint.cz\/polsko\/wp-json\/wp\/v2\/types\/post"}],"author":[{"embeddable":true,"href":"https:\/\/www.infopoint.cz\/polsko\/wp-json\/wp\/v2\/users\/1"}],"replies":[{"embeddable":true,"href":"https:\/\/www.infopoint.cz\/polsko\/wp-json\/wp\/v2\/comments?post=5828"}],"version-history":[{"count":1,"href":"https:\/\/www.infopoint.cz\/polsko\/wp-json\/wp\/v2\/posts\/5828\/revisions"}],"predecessor-version":[{"id":5829,"href":"https:\/\/www.infopoint.cz\/polsko\/wp-json\/wp\/v2\/posts\/5828\/revisions\/5829"}],"wp:attachment":[{"href":"https:\/\/www.infopoint.cz\/polsko\/wp-json\/wp\/v2\/media?parent=5828"}],"wp:term":[{"taxonomy":"category","embeddable":true,"href":"https:\/\/www.infopoint.cz\/polsko\/wp-json\/wp\/v2\/categories?post=5828"},{"taxonomy":"post_tag","embeddable":true,"href":"https:\/\/www.infopoint.cz\/polsko\/wp-json\/wp\/v2\/tags?post=5828"}],"curies":[{"name":"wp","href":"https:\/\/api.w.org\/{rel}","templated":true}]}}