{"id":5830,"date":"2021-03-17T22:12:29","date_gmt":"2021-03-17T21:12:29","guid":{"rendered":"https:\/\/www.infopoint.cz\/polsko\/?p=5830"},"modified":"2021-09-30T22:13:01","modified_gmt":"2021-09-30T20:13:01","slug":"greenpeace-obsadili-rypadlo-v-dole-turow-krade-cesku-vodu-tvrdi-aktiviste","status":"publish","type":"post","link":"https:\/\/www.infopoint.cz\/polsko\/greenpeace-obsadili-rypadlo-v-dole-turow-krade-cesku-vodu-tvrdi-aktiviste\/","title":{"rendered":"Greenpeace obsadili rypadlo v dole Tur\u00f3w. Krade \u010cesku vodu, tvrd\u00ed aktivist\u00e9"},"content":{"rendered":"<blockquote>\n<div class=\"opener\">\u0160estn\u00e1ct aktivist\u016f z polsk\u00e9 pobo\u010dky Greenpeace ve st\u0159edu r\u00e1no obsadilo rypadlo v uheln\u00e9m dole Tur\u00f3w pobl\u00ed\u017e \u010desk\u00fdch hranic. Na konstrukci vyv\u011bsili transparent \u201eKlimatick\u00e1 krize? Je*at na to\u201c s logy st\u00e1tn\u00ed t\u011b\u017eebn\u00ed spole\u010dnosti PGE a Ministerstva energetiky. Na rypadle z\u016fst\u00e1vaj\u00ed i v odpoledn\u00edch hodin\u00e1ch.<\/div>\n<\/blockquote>\n<p>Zdroj: <a href=\"https:\/\/www.idnes.cz\/liberec\/zpravy\/turow-rypadlo-dul-voda-polsko.A210317_103022_liberec-zpravy_jape\">https:\/\/www.idnes.cz\/liberec\/zpravy\/turow-rypadlo-dul-voda-polsko.A210317_103022_liberec-zpravy_jape<\/a><\/p>\n","protected":false},"excerpt":{"rendered":"<p>\u0160estn\u00e1ct aktivist\u016f z polsk\u00e9 pobo\u010dky Greenpeace ve st\u0159edu r\u00e1no obsadilo rypadlo v uheln\u00e9m dole Tur\u00f3w pobl\u00ed\u017e \u010desk\u00fdch hranic. Na konstrukci vyv\u011bsili transparent \u201eKlimatick\u00e1 krize? Je*at na to\u201c s logy st\u00e1tn\u00ed t\u011b\u017eebn\u00ed spole\u010dnosti PGE a Ministerstva energetiky. Na rypadle z\u016fst\u00e1vaj\u00ed i v odpoledn\u00edch hodin\u00e1ch. Zdroj: https:\/\/www.idnes.cz\/liberec\/zpravy\/turow-rypadlo-dul-voda-polsko.A210317_103022_liberec-zpravy_jape<\/p>\n","protected":false},"author":1,"featured_media":0,"comment_status":"open","ping_status":"closed","sticky":false,"template":"","format":"standard","meta":{"ngg_post_thumbnail":0,"footnotes":""},"categories":[24],"tags":[38],"class_list":["post-5830","post","type-post","status-publish","format-standard","hentry","category-zajimavosti","tag-turow"],"_links":{"self":[{"href":"https:\/\/www.infopoint.cz\/polsko\/wp-json\/wp\/v2\/posts\/5830","targetHints":{"allow":["GET"]}}],"collection":[{"href":"https:\/\/www.infopoint.cz\/polsko\/wp-json\/wp\/v2\/posts"}],"about":[{"href":"https:\/\/www.infopoint.cz\/polsko\/wp-json\/wp\/v2\/types\/post"}],"author":[{"embeddable":true,"href":"https:\/\/www.infopoint.cz\/polsko\/wp-json\/wp\/v2\/users\/1"}],"replies":[{"embeddable":true,"href":"https:\/\/www.infopoint.cz\/polsko\/wp-json\/wp\/v2\/comments?post=5830"}],"version-history":[{"count":2,"href":"https:\/\/www.infopoint.cz\/polsko\/wp-json\/wp\/v2\/posts\/5830\/revisions"}],"predecessor-version":[{"id":5832,"href":"https:\/\/www.infopoint.cz\/polsko\/wp-json\/wp\/v2\/posts\/5830\/revisions\/5832"}],"wp:attachment":[{"href":"https:\/\/www.infopoint.cz\/polsko\/wp-json\/wp\/v2\/media?parent=5830"}],"wp:term":[{"taxonomy":"category","embeddable":true,"href":"https:\/\/www.infopoint.cz\/polsko\/wp-json\/wp\/v2\/categories?post=5830"},{"taxonomy":"post_tag","embeddable":true,"href":"https:\/\/www.infopoint.cz\/polsko\/wp-json\/wp\/v2\/tags?post=5830"}],"curies":[{"name":"wp","href":"https:\/\/api.w.org\/{rel}","templated":true}]}}