{"id":5835,"date":"2021-03-22T22:14:36","date_gmt":"2021-03-22T21:14:36","guid":{"rendered":"https:\/\/www.infopoint.cz\/polsko\/?p=5835"},"modified":"2021-09-30T22:15:06","modified_gmt":"2021-09-30T20:15:06","slug":"stovky-polskych-aut-blokovaly-mezinarodni-silnici-na-podporu-dolu-turow-2","status":"publish","type":"post","link":"https:\/\/www.infopoint.cz\/polsko\/stovky-polskych-aut-blokovaly-mezinarodni-silnici-na-podporu-dolu-turow-2\/","title":{"rendered":"Stovky polsk\u00fdch aut blokovaly mezin\u00e1rodn\u00ed silnici na podporu dolu Tur\u00f3w"},"content":{"rendered":"<blockquote>\n<div class=\"opener\">Ruce pry\u010d od Tur\u00f3wa. S takov\u00fdm heslem v pond\u011bl\u00ed odpoledne na dv\u011b hodiny zablokovali pracovn\u00edci polsk\u00e9ho hn\u011bdouheln\u00e9ho dolu Tur\u00f3w mezin\u00e1rodn\u00ed silnici z Hr\u00e1dku nad Nisou p\u0159es polsk\u00e9 \u00fazem\u00ed do N\u011bmecka. Blok\u00e1dou vyjad\u0159ovali nesouhlas s kroky \u010desk\u00e9 vl\u00e1dy proti dolu.<\/div>\n<\/blockquote>\n<p>Zdroj: <a href=\"https:\/\/www.idnes.cz\/liberec\/zpravy\/blokada-demonstrace-polsko-turow-doprava-dul.A210322_163350_liberec-zpravy_jape\">https:\/\/www.idnes.cz\/liberec\/zpravy\/blokada-demonstrace-polsko-turow-doprava-dul.A210322_163350_liberec-zpravy_jape<\/a><\/p>\n","protected":false},"excerpt":{"rendered":"<p>Ruce pry\u010d od Tur\u00f3wa. S takov\u00fdm heslem v pond\u011bl\u00ed odpoledne na dv\u011b hodiny zablokovali pracovn\u00edci polsk\u00e9ho hn\u011bdouheln\u00e9ho dolu Tur\u00f3w mezin\u00e1rodn\u00ed silnici z Hr\u00e1dku nad Nisou p\u0159es polsk\u00e9 \u00fazem\u00ed do N\u011bmecka. Blok\u00e1dou vyjad\u0159ovali nesouhlas s kroky \u010desk\u00e9 vl\u00e1dy proti dolu. Zdroj: https:\/\/www.idnes.cz\/liberec\/zpravy\/blokada-demonstrace-polsko-turow-doprava-dul.A210322_163350_liberec-zpravy_jape<\/p>\n","protected":false},"author":1,"featured_media":0,"comment_status":"open","ping_status":"closed","sticky":false,"template":"","format":"standard","meta":{"ngg_post_thumbnail":0,"footnotes":""},"categories":[24],"tags":[38],"class_list":["post-5835","post","type-post","status-publish","format-standard","hentry","category-zajimavosti","tag-turow"],"_links":{"self":[{"href":"https:\/\/www.infopoint.cz\/polsko\/wp-json\/wp\/v2\/posts\/5835","targetHints":{"allow":["GET"]}}],"collection":[{"href":"https:\/\/www.infopoint.cz\/polsko\/wp-json\/wp\/v2\/posts"}],"about":[{"href":"https:\/\/www.infopoint.cz\/polsko\/wp-json\/wp\/v2\/types\/post"}],"author":[{"embeddable":true,"href":"https:\/\/www.infopoint.cz\/polsko\/wp-json\/wp\/v2\/users\/1"}],"replies":[{"embeddable":true,"href":"https:\/\/www.infopoint.cz\/polsko\/wp-json\/wp\/v2\/comments?post=5835"}],"version-history":[{"count":1,"href":"https:\/\/www.infopoint.cz\/polsko\/wp-json\/wp\/v2\/posts\/5835\/revisions"}],"predecessor-version":[{"id":5836,"href":"https:\/\/www.infopoint.cz\/polsko\/wp-json\/wp\/v2\/posts\/5835\/revisions\/5836"}],"wp:attachment":[{"href":"https:\/\/www.infopoint.cz\/polsko\/wp-json\/wp\/v2\/media?parent=5835"}],"wp:term":[{"taxonomy":"category","embeddable":true,"href":"https:\/\/www.infopoint.cz\/polsko\/wp-json\/wp\/v2\/categories?post=5835"},{"taxonomy":"post_tag","embeddable":true,"href":"https:\/\/www.infopoint.cz\/polsko\/wp-json\/wp\/v2\/tags?post=5835"}],"curies":[{"name":"wp","href":"https:\/\/api.w.org\/{rel}","templated":true}]}}