{"id":5838,"date":"2021-09-27T22:19:33","date_gmt":"2021-09-27T20:19:33","guid":{"rendered":"https:\/\/www.infopoint.cz\/polsko\/?p=5838"},"modified":"2021-09-30T22:20:24","modified_gmt":"2021-09-30T20:20:24","slug":"jak-urovnat-spor-o-turow-chceme-monitorovat-stav-vody-a-penize-na-vodovody-avizuje-hejtman-puta","status":"publish","type":"post","link":"https:\/\/www.infopoint.cz\/polsko\/jak-urovnat-spor-o-turow-chceme-monitorovat-stav-vody-a-penize-na-vodovody-avizuje-hejtman-puta\/","title":{"rendered":"Jak urovnat spor o Tur\u00f3w? \u201aChceme monitorovat stav vody a pen\u00edze na vodovody,\u2018 avizuje hejtman P\u016fta"},"content":{"rendered":"<div class=\"row row--article\">\n<div class=\"col col--main\">\n<div class=\"b-detail\">\n<header class=\"b-detail__head\">\n<p class=\"text-bold--m text-md--m text-lg\">Spory okolo polsk\u00e9ho hn\u011bdouheln\u00e9ho dolu Tur\u00f3w, kter\u00fd zat\u011b\u017euje \u017eivotn\u00ed prost\u0159ed\u00ed i na \u010desk\u00e9 stran\u011b, nad\u00e1le pokra\u010duj\u00ed. Dostala \u010desk\u00e1 vl\u00e1da od polsk\u00fdch partner\u016f dobrou nab\u00eddku \u0159e\u0161en\u00ed, jak o v\u00edkendu uvedl polsk\u00fd premi\u00e9r Morawiecki? Jak se vyost\u0159en\u00fd spor projevuje v ka\u017edodenn\u00edch kontaktech mezi obyvateli obou zem\u00ed? Vladim\u00edr Kroc se ptal hejtmana Libereck\u00e9ho kraje Martina P\u016fty (STAN).<\/p>\n<p>Zdroj: <a href=\"https:\/\/www.irozhlas.cz\/zpravy-domov\/puta-turow-polsko-cesko-dul-spor_2109272025_pat\">https:\/\/www.irozhlas.cz\/zpravy-domov\/puta-turow-polsko-cesko-dul-spor_2109272025_pat<\/a><\/p>\n<\/header>\n<\/div>\n<\/div>\n<\/div>\n","protected":false},"excerpt":{"rendered":"<p>Spory okolo polsk\u00e9ho hn\u011bdouheln\u00e9ho dolu Tur\u00f3w, kter\u00fd zat\u011b\u017euje \u017eivotn\u00ed prost\u0159ed\u00ed i na \u010desk\u00e9 stran\u011b, nad\u00e1le pokra\u010duj\u00ed. Dostala \u010desk\u00e1 vl\u00e1da od polsk\u00fdch partner\u016f dobrou nab\u00eddku \u0159e\u0161en\u00ed, jak o v\u00edkendu uvedl polsk\u00fd premi\u00e9r Morawiecki? Jak se vyost\u0159en\u00fd spor projevuje v ka\u017edodenn\u00edch kontaktech mezi obyvateli obou zem\u00ed? Vladim\u00edr Kroc se ptal hejtmana Libereck\u00e9ho kraje Martina P\u016fty (STAN). Zdroj: [&hellip;]<\/p>\n","protected":false},"author":1,"featured_media":0,"comment_status":"open","ping_status":"closed","sticky":false,"template":"","format":"standard","meta":{"ngg_post_thumbnail":0,"footnotes":""},"categories":[24],"tags":[38],"class_list":["post-5838","post","type-post","status-publish","format-standard","hentry","category-zajimavosti","tag-turow"],"_links":{"self":[{"href":"https:\/\/www.infopoint.cz\/polsko\/wp-json\/wp\/v2\/posts\/5838","targetHints":{"allow":["GET"]}}],"collection":[{"href":"https:\/\/www.infopoint.cz\/polsko\/wp-json\/wp\/v2\/posts"}],"about":[{"href":"https:\/\/www.infopoint.cz\/polsko\/wp-json\/wp\/v2\/types\/post"}],"author":[{"embeddable":true,"href":"https:\/\/www.infopoint.cz\/polsko\/wp-json\/wp\/v2\/users\/1"}],"replies":[{"embeddable":true,"href":"https:\/\/www.infopoint.cz\/polsko\/wp-json\/wp\/v2\/comments?post=5838"}],"version-history":[{"count":1,"href":"https:\/\/www.infopoint.cz\/polsko\/wp-json\/wp\/v2\/posts\/5838\/revisions"}],"predecessor-version":[{"id":5839,"href":"https:\/\/www.infopoint.cz\/polsko\/wp-json\/wp\/v2\/posts\/5838\/revisions\/5839"}],"wp:attachment":[{"href":"https:\/\/www.infopoint.cz\/polsko\/wp-json\/wp\/v2\/media?parent=5838"}],"wp:term":[{"taxonomy":"category","embeddable":true,"href":"https:\/\/www.infopoint.cz\/polsko\/wp-json\/wp\/v2\/categories?post=5838"},{"taxonomy":"post_tag","embeddable":true,"href":"https:\/\/www.infopoint.cz\/polsko\/wp-json\/wp\/v2\/tags?post=5838"}],"curies":[{"name":"wp","href":"https:\/\/api.w.org\/{rel}","templated":true}]}}