{"id":5840,"date":"2021-09-24T22:21:36","date_gmt":"2021-09-24T20:21:36","guid":{"rendered":"https:\/\/www.infopoint.cz\/polsko\/?p=5840"},"modified":"2021-09-30T22:22:28","modified_gmt":"2021-09-30T20:22:28","slug":"cesko-a-polsko-jednaji-o-turowu-nechceme-zabranit-tezbe-ale-ani-si-nicit-zivotni-prostredi-rekl-brabec","status":"publish","type":"post","link":"https:\/\/www.infopoint.cz\/polsko\/cesko-a-polsko-jednaji-o-turowu-nechceme-zabranit-tezbe-ale-ani-si-nicit-zivotni-prostredi-rekl-brabec\/","title":{"rendered":"\u010cesko a Polsko jednaj\u00ed o Tur\u00f3wu. \u201aNechceme zabr\u00e1nit t\u011b\u017eb\u011b, ale ani si ni\u010dit \u017eivotn\u00ed prost\u0159ed\u00ed,\u2018 \u0159ekl Brabec"},"content":{"rendered":"<div class=\"row row--article\">\n<div class=\"col col--main\">\n<div class=\"b-detail\">\n<header class=\"b-detail__head\">\n<p class=\"text-bold--m text-md--m text-lg\">Z\u00e1stupci \u010ceska a Polska v p\u00e1tek jednaj\u00ed o situaci kolem hn\u011bdouheln\u00e9ho dolu Tur\u00f3w. Sd\u011blil to mluv\u010d\u00ed polsk\u00e9ho ministerstva klimatu a \u017eivotn\u00edho prost\u0159ed\u00ed Aleksander Brz\u00f3zka. Pol\u0161t\u00ed vyjedn\u00e1va\u010di podle polsk\u00e9ho tisku zva\u017eovali zru\u0161en\u00ed dne\u0161n\u00ed cesty do Prahy. Premi\u00e9r Andrej Babi\u0161 (ANO) v p\u00e1tek zopakoval, \u017ee jde o odbornou, nikoli politickou z\u00e1le\u017eitost. Polsk\u00e1 strana m\u011bla podle n\u011bj dostatek \u010dasu na to, aby probl\u00e9m sama \u0159e\u0161ila.<\/p>\n<p>Zdroj: <a href=\"https:\/\/www.irozhlas.cz\/zpravy-domov\/dul-turow-brabec-polsko_2109241347_pj\">https:\/\/www.irozhlas.cz\/zpravy-domov\/dul-turow-brabec-polsko_2109241347_pj<\/a><\/p>\n<\/header>\n<\/div>\n<\/div>\n<\/div>\n","protected":false},"excerpt":{"rendered":"<p>Z\u00e1stupci \u010ceska a Polska v p\u00e1tek jednaj\u00ed o situaci kolem hn\u011bdouheln\u00e9ho dolu Tur\u00f3w. Sd\u011blil to mluv\u010d\u00ed polsk\u00e9ho ministerstva klimatu a \u017eivotn\u00edho prost\u0159ed\u00ed Aleksander Brz\u00f3zka. Pol\u0161t\u00ed vyjedn\u00e1va\u010di podle polsk\u00e9ho tisku zva\u017eovali zru\u0161en\u00ed dne\u0161n\u00ed cesty do Prahy. Premi\u00e9r Andrej Babi\u0161 (ANO) v p\u00e1tek zopakoval, \u017ee jde o odbornou, nikoli politickou z\u00e1le\u017eitost. Polsk\u00e1 strana m\u011bla podle n\u011bj dostatek [&hellip;]<\/p>\n","protected":false},"author":1,"featured_media":0,"comment_status":"open","ping_status":"closed","sticky":false,"template":"","format":"standard","meta":{"ngg_post_thumbnail":0,"footnotes":""},"categories":[24],"tags":[38],"class_list":["post-5840","post","type-post","status-publish","format-standard","hentry","category-zajimavosti","tag-turow"],"_links":{"self":[{"href":"https:\/\/www.infopoint.cz\/polsko\/wp-json\/wp\/v2\/posts\/5840","targetHints":{"allow":["GET"]}}],"collection":[{"href":"https:\/\/www.infopoint.cz\/polsko\/wp-json\/wp\/v2\/posts"}],"about":[{"href":"https:\/\/www.infopoint.cz\/polsko\/wp-json\/wp\/v2\/types\/post"}],"author":[{"embeddable":true,"href":"https:\/\/www.infopoint.cz\/polsko\/wp-json\/wp\/v2\/users\/1"}],"replies":[{"embeddable":true,"href":"https:\/\/www.infopoint.cz\/polsko\/wp-json\/wp\/v2\/comments?post=5840"}],"version-history":[{"count":1,"href":"https:\/\/www.infopoint.cz\/polsko\/wp-json\/wp\/v2\/posts\/5840\/revisions"}],"predecessor-version":[{"id":5841,"href":"https:\/\/www.infopoint.cz\/polsko\/wp-json\/wp\/v2\/posts\/5840\/revisions\/5841"}],"wp:attachment":[{"href":"https:\/\/www.infopoint.cz\/polsko\/wp-json\/wp\/v2\/media?parent=5840"}],"wp:term":[{"taxonomy":"category","embeddable":true,"href":"https:\/\/www.infopoint.cz\/polsko\/wp-json\/wp\/v2\/categories?post=5840"},{"taxonomy":"post_tag","embeddable":true,"href":"https:\/\/www.infopoint.cz\/polsko\/wp-json\/wp\/v2\/tags?post=5840"}],"curies":[{"name":"wp","href":"https:\/\/api.w.org\/{rel}","templated":true}]}}