{"id":5842,"date":"2021-09-21T22:23:14","date_gmt":"2021-09-21T20:23:14","guid":{"rendered":"https:\/\/www.infopoint.cz\/polsko\/?p=5842"},"modified":"2021-09-30T22:23:58","modified_gmt":"2021-09-30T20:23:58","slug":"cesko-se-chova-bez-dobre-vule-polsky-premier-odmitl-verdikt-soudniho-dvora-eu-o-zastaveni-turowa","status":"publish","type":"post","link":"https:\/\/www.infopoint.cz\/polsko\/cesko-se-chova-bez-dobre-vule-polsky-premier-odmitl-verdikt-soudniho-dvora-eu-o-zastaveni-turowa\/","title":{"rendered":",\u010cesko se chov\u00e1 bez dobr\u00e9 v\u016fle.\u2018 Polsk\u00fd premi\u00e9r odm\u00edtl verdikt Soudn\u00edho dvora EU o zastaven\u00ed Tur\u00f3wa"},"content":{"rendered":"<div class=\"row row--article\">\n<div class=\"col col--main\">\n<div class=\"b-detail\">\n<header class=\"b-detail__head\">\n<p class=\"text-bold--m text-md--m text-lg\">P\u0159edseda polsk\u00e9 vl\u00e1dy Mateusz Morawiecki v \u00fater\u00fd d\u016frazn\u011b odm\u00edtl pond\u011bln\u00ed rozhodnut\u00ed Soudn\u00edho dvora Evropsk\u00e9 unie ulo\u017eit Polsku pokutu kv\u016fli sporu s \u010ceskem ohledn\u011b dolu Tur\u00f3w. Podle premi\u00e9ra je verdikt naprosto \u0161patn\u00fd a Var\u0161ava vyu\u017eije v\u0161echny pr\u00e1vn\u00ed i jin\u00e9 prost\u0159edky k tomu, aby prok\u00e1zala jeho nevyv\u00e1\u017eenost. Informovala o tom zpravodajsk\u00e1 televize TVN24, podle n\u00ed\u017e Morawiecki tak\u00e9 obvinil \u010cesko z nedostatku dobr\u00e9 v\u016fle.<\/p>\n<p>Zdroj: <a href=\"https:\/\/www.irozhlas.cz\/zpravy-svet\/turow-dul-tezba-soudni-dvur-eu-pokuta-mateusz-morawiecki-polsko-cesko_2109211647_pat\">https:\/\/www.irozhlas.cz\/zpravy-svet\/turow-dul-tezba-soudni-dvur-eu-pokuta-mateusz-morawiecki-polsko-cesko_2109211647_pat<\/a><\/p>\n<\/header>\n<\/div>\n<\/div>\n<\/div>\n","protected":false},"excerpt":{"rendered":"<p>P\u0159edseda polsk\u00e9 vl\u00e1dy Mateusz Morawiecki v \u00fater\u00fd d\u016frazn\u011b odm\u00edtl pond\u011bln\u00ed rozhodnut\u00ed Soudn\u00edho dvora Evropsk\u00e9 unie ulo\u017eit Polsku pokutu kv\u016fli sporu s \u010ceskem ohledn\u011b dolu Tur\u00f3w. Podle premi\u00e9ra je verdikt naprosto \u0161patn\u00fd a Var\u0161ava vyu\u017eije v\u0161echny pr\u00e1vn\u00ed i jin\u00e9 prost\u0159edky k tomu, aby prok\u00e1zala jeho nevyv\u00e1\u017eenost. Informovala o tom zpravodajsk\u00e1 televize TVN24, podle n\u00ed\u017e Morawiecki tak\u00e9 [&hellip;]<\/p>\n","protected":false},"author":1,"featured_media":0,"comment_status":"open","ping_status":"closed","sticky":false,"template":"","format":"standard","meta":{"ngg_post_thumbnail":0,"footnotes":""},"categories":[24],"tags":[38],"class_list":["post-5842","post","type-post","status-publish","format-standard","hentry","category-zajimavosti","tag-turow"],"_links":{"self":[{"href":"https:\/\/www.infopoint.cz\/polsko\/wp-json\/wp\/v2\/posts\/5842","targetHints":{"allow":["GET"]}}],"collection":[{"href":"https:\/\/www.infopoint.cz\/polsko\/wp-json\/wp\/v2\/posts"}],"about":[{"href":"https:\/\/www.infopoint.cz\/polsko\/wp-json\/wp\/v2\/types\/post"}],"author":[{"embeddable":true,"href":"https:\/\/www.infopoint.cz\/polsko\/wp-json\/wp\/v2\/users\/1"}],"replies":[{"embeddable":true,"href":"https:\/\/www.infopoint.cz\/polsko\/wp-json\/wp\/v2\/comments?post=5842"}],"version-history":[{"count":1,"href":"https:\/\/www.infopoint.cz\/polsko\/wp-json\/wp\/v2\/posts\/5842\/revisions"}],"predecessor-version":[{"id":5843,"href":"https:\/\/www.infopoint.cz\/polsko\/wp-json\/wp\/v2\/posts\/5842\/revisions\/5843"}],"wp:attachment":[{"href":"https:\/\/www.infopoint.cz\/polsko\/wp-json\/wp\/v2\/media?parent=5842"}],"wp:term":[{"taxonomy":"category","embeddable":true,"href":"https:\/\/www.infopoint.cz\/polsko\/wp-json\/wp\/v2\/categories?post=5842"},{"taxonomy":"post_tag","embeddable":true,"href":"https:\/\/www.infopoint.cz\/polsko\/wp-json\/wp\/v2\/tags?post=5842"}],"curies":[{"name":"wp","href":"https:\/\/api.w.org\/{rel}","templated":true}]}}