{"id":5844,"date":"2021-09-30T22:24:57","date_gmt":"2021-09-30T20:24:57","guid":{"rendered":"https:\/\/www.infopoint.cz\/polsko\/?p=5844"},"modified":"2022-01-14T08:18:57","modified_gmt":"2022-01-14T07:18:57","slug":"vetsina-veci-pri-jednanich-o-dole-turow-je-podle-puty-dojednana-zustava-jen-nekolik-spornych-bodu","status":"publish","type":"post","link":"https:\/\/www.infopoint.cz\/polsko\/vetsina-veci-pri-jednanich-o-dole-turow-je-podle-puty-dojednana-zustava-jen-nekolik-spornych-bodu\/","title":{"rendered":"V\u011bt\u0161ina v\u011bc\u00ed p\u0159i jedn\u00e1n\u00edch o dole Tur\u00f3w je podle P\u016fty dojednan\u00e1. Z\u016fst\u00e1v\u00e1 jen n\u011bkolik sporn\u00fdch bod\u016f"},"content":{"rendered":"<div class=\"row row--article\">\n<div class=\"col col--main\">\n<div class=\"b-detail\">\n<header class=\"b-detail__head\">\n<blockquote>\n<p class=\"text-bold--m text-md--m text-lg\">P\u0159i jedn\u00e1n\u00edch mezi \u010ceskem a Polskem o hn\u011bdouheln\u00e9m dolu Tur\u00f3w u spole\u010dn\u00fdch hranic obou st\u00e1t\u016f je v\u011bt\u0161ina v\u011bc\u00ed dojednan\u00e1, z\u016fstalo n\u011bkolik sporn\u00fdch bod\u016f. N\u011bkter\u00e9 jsou problematick\u00e9 pro Pol\u00e1ky, jin\u00e9 pro \u010cechy, \u0159ekl ve \u010dtvrtek libereck\u00fd hejtman Martin P\u016fta (STAN). C\u00edlem je podle n\u011bj ve \u010dtvrtek dos\u00e1hnout kompromisu a n\u00e1vrh p\u0159edlo\u017eit premi\u00e9r\u016fm.<\/p>\n<\/blockquote>\n<p>Zdroj: <a href=\"https:\/\/www.irozhlas.cz\/zpravy-domov\/turow-puta-polsko-jednani_2109301628_pj\">https:\/\/www.irozhlas.cz\/zpravy-domov\/turow-puta-polsko-jednani_2109301628_pj<\/a><\/p>\n<\/header>\n<\/div>\n<\/div>\n<\/div>\n","protected":false},"excerpt":{"rendered":"<p>P\u0159i jedn\u00e1n\u00edch mezi \u010ceskem a Polskem o hn\u011bdouheln\u00e9m dolu Tur\u00f3w u spole\u010dn\u00fdch hranic obou st\u00e1t\u016f je v\u011bt\u0161ina v\u011bc\u00ed dojednan\u00e1, z\u016fstalo n\u011bkolik sporn\u00fdch bod\u016f. N\u011bkter\u00e9 jsou problematick\u00e9 pro Pol\u00e1ky, jin\u00e9 pro \u010cechy, \u0159ekl ve \u010dtvrtek libereck\u00fd hejtman Martin P\u016fta (STAN). C\u00edlem je podle n\u011bj ve \u010dtvrtek dos\u00e1hnout kompromisu a n\u00e1vrh p\u0159edlo\u017eit premi\u00e9r\u016fm. Zdroj: https:\/\/www.irozhlas.cz\/zpravy-domov\/turow-puta-polsko-jednani_2109301628_pj<\/p>\n","protected":false},"author":1,"featured_media":0,"comment_status":"open","ping_status":"closed","sticky":false,"template":"","format":"standard","meta":{"ngg_post_thumbnail":0,"footnotes":""},"categories":[24],"tags":[38],"class_list":["post-5844","post","type-post","status-publish","format-standard","hentry","category-zajimavosti","tag-turow"],"_links":{"self":[{"href":"https:\/\/www.infopoint.cz\/polsko\/wp-json\/wp\/v2\/posts\/5844","targetHints":{"allow":["GET"]}}],"collection":[{"href":"https:\/\/www.infopoint.cz\/polsko\/wp-json\/wp\/v2\/posts"}],"about":[{"href":"https:\/\/www.infopoint.cz\/polsko\/wp-json\/wp\/v2\/types\/post"}],"author":[{"embeddable":true,"href":"https:\/\/www.infopoint.cz\/polsko\/wp-json\/wp\/v2\/users\/1"}],"replies":[{"embeddable":true,"href":"https:\/\/www.infopoint.cz\/polsko\/wp-json\/wp\/v2\/comments?post=5844"}],"version-history":[{"count":2,"href":"https:\/\/www.infopoint.cz\/polsko\/wp-json\/wp\/v2\/posts\/5844\/revisions"}],"predecessor-version":[{"id":5867,"href":"https:\/\/www.infopoint.cz\/polsko\/wp-json\/wp\/v2\/posts\/5844\/revisions\/5867"}],"wp:attachment":[{"href":"https:\/\/www.infopoint.cz\/polsko\/wp-json\/wp\/v2\/media?parent=5844"}],"wp:term":[{"taxonomy":"category","embeddable":true,"href":"https:\/\/www.infopoint.cz\/polsko\/wp-json\/wp\/v2\/categories?post=5844"},{"taxonomy":"post_tag","embeddable":true,"href":"https:\/\/www.infopoint.cz\/polsko\/wp-json\/wp\/v2\/tags?post=5844"}],"curies":[{"name":"wp","href":"https:\/\/api.w.org\/{rel}","templated":true}]}}