{"id":5846,"date":"2021-09-24T22:26:02","date_gmt":"2021-09-24T20:26:02","guid":{"rendered":"https:\/\/www.infopoint.cz\/polsko\/?p=5846"},"modified":"2021-09-30T22:26:53","modified_gmt":"2021-09-30T20:26:53","slug":"ministr-kulhanek-cesko-polske-vztahy-nelze-redukovat-pouze-na-otazku-turowa","status":"publish","type":"post","link":"https:\/\/www.infopoint.cz\/polsko\/ministr-kulhanek-cesko-polske-vztahy-nelze-redukovat-pouze-na-otazku-turowa\/","title":{"rendered":"Ministr Kulh\u00e1nek: \u010cesko-polsk\u00e9 vztahy nelze redukovat pouze na ot\u00e1zku Tur\u00f3wa"},"content":{"rendered":"<blockquote>\n<p class=\"brief\">V p\u00e1tek 24. z\u00e1\u0159\u00ed prob\u011bhlo jedn\u00e1n\u00ed expertn\u00edch t\u00fdm\u016f \u010cesk\u00e9 republiky a Polska ve sporu o t\u011b\u017ebu v dole Tur\u00f3w. \u0160lo o prvn\u00ed jedn\u00e1n\u00ed po rozhodnut\u00ed Soudn\u00edho dvora EU, kter\u00fd tento t\u00fdden rozhodl o sankc\u00edch pro Polsko, kter\u00e9 i nad\u00e1le pokra\u010duje v t\u011b\u017eb\u011b.<\/p>\n<\/blockquote>\n<p>Zdroj: <a href=\"https:\/\/www.parlamentnilisty.cz\/politika\/politici-volicum\/Ministr-Kulhanek-Cesko-polske-vztahy-nelze-redukovat-pouze-na-otazku-Turowa-678076\">https:\/\/www.parlamentnilisty.cz\/politika\/politici-volicum\/Ministr-Kulhanek-Cesko-polske-vztahy-nelze-redukovat-pouze-na-otazku-Turowa-678076<\/a><\/p>\n","protected":false},"excerpt":{"rendered":"<p>V p\u00e1tek 24. z\u00e1\u0159\u00ed prob\u011bhlo jedn\u00e1n\u00ed expertn\u00edch t\u00fdm\u016f \u010cesk\u00e9 republiky a Polska ve sporu o t\u011b\u017ebu v dole Tur\u00f3w. \u0160lo o prvn\u00ed jedn\u00e1n\u00ed po rozhodnut\u00ed Soudn\u00edho dvora EU, kter\u00fd tento t\u00fdden rozhodl o sankc\u00edch pro Polsko, kter\u00e9 i nad\u00e1le pokra\u010duje v t\u011b\u017eb\u011b. Zdroj: https:\/\/www.parlamentnilisty.cz\/politika\/politici-volicum\/Ministr-Kulhanek-Cesko-polske-vztahy-nelze-redukovat-pouze-na-otazku-Turowa-678076<\/p>\n","protected":false},"author":1,"featured_media":0,"comment_status":"open","ping_status":"closed","sticky":false,"template":"","format":"standard","meta":{"ngg_post_thumbnail":0,"footnotes":""},"categories":[24],"tags":[38],"class_list":["post-5846","post","type-post","status-publish","format-standard","hentry","category-zajimavosti","tag-turow"],"_links":{"self":[{"href":"https:\/\/www.infopoint.cz\/polsko\/wp-json\/wp\/v2\/posts\/5846","targetHints":{"allow":["GET"]}}],"collection":[{"href":"https:\/\/www.infopoint.cz\/polsko\/wp-json\/wp\/v2\/posts"}],"about":[{"href":"https:\/\/www.infopoint.cz\/polsko\/wp-json\/wp\/v2\/types\/post"}],"author":[{"embeddable":true,"href":"https:\/\/www.infopoint.cz\/polsko\/wp-json\/wp\/v2\/users\/1"}],"replies":[{"embeddable":true,"href":"https:\/\/www.infopoint.cz\/polsko\/wp-json\/wp\/v2\/comments?post=5846"}],"version-history":[{"count":2,"href":"https:\/\/www.infopoint.cz\/polsko\/wp-json\/wp\/v2\/posts\/5846\/revisions"}],"predecessor-version":[{"id":5848,"href":"https:\/\/www.infopoint.cz\/polsko\/wp-json\/wp\/v2\/posts\/5846\/revisions\/5848"}],"wp:attachment":[{"href":"https:\/\/www.infopoint.cz\/polsko\/wp-json\/wp\/v2\/media?parent=5846"}],"wp:term":[{"taxonomy":"category","embeddable":true,"href":"https:\/\/www.infopoint.cz\/polsko\/wp-json\/wp\/v2\/categories?post=5846"},{"taxonomy":"post_tag","embeddable":true,"href":"https:\/\/www.infopoint.cz\/polsko\/wp-json\/wp\/v2\/tags?post=5846"}],"curies":[{"name":"wp","href":"https:\/\/api.w.org\/{rel}","templated":true}]}}