{"id":5849,"date":"2021-09-24T22:28:30","date_gmt":"2021-09-24T20:28:30","guid":{"rendered":"https:\/\/www.infopoint.cz\/polsko\/?p=5849"},"modified":"2021-09-30T22:29:20","modified_gmt":"2021-09-30T20:29:20","slug":"cechy-neobsluhujeme-hlasa-polsky-hospodsky-spor-o-dul-turow-se-presouva-mezi-obcany","status":"publish","type":"post","link":"https:\/\/www.infopoint.cz\/polsko\/cechy-neobsluhujeme-hlasa-polsky-hospodsky-spor-o-dul-turow-se-presouva-mezi-obcany\/","title":{"rendered":"\u010cechy neobsluhujeme, hl\u00e1s\u00e1 polsk\u00fd hospodsk\u00fd. Spor o d\u016fl Tur\u00f3w se p\u0159esouv\u00e1 mezi ob\u010dany"},"content":{"rendered":"<p>Polsko-\u010desk\u00e9 vztahy jsou v\u00edce ne\u017e napjat\u00e9. Vypov\u00edd\u00e1 o tom nejen d\u011bn\u00ed na politick\u00e9 sc\u00e9n\u011b, ale i p\u0159\u00edstup Pol\u00e1k\u016f. P\u0159ed vchodem do jedn\u00e9 z polsk\u00fdch hospod najdou z\u00e1kazn\u00edci nap\u0159\u00edklad kontroverzn\u00ed plak\u00e1t s n\u00e1pisem \u201e\u010cechy neobsluhujeme\u201c. Vyobrazen je na n\u011bm \u010desk\u00fd Krte\u010dek s lopatou v ruce a na pozad\u00ed je t\u011b\u017ea\u0159sk\u00fd stroj.<\/p>\n<p>Zdroj: <a href=\"https:\/\/cnn.iprima.cz\/cechy-neobsluhujeme-hlasa-polsky-hospodsky-spor-o-dul-turow-se-presouva-mezi-obcany-34271\">https:\/\/cnn.iprima.cz\/cechy-neobsluhujeme-hlasa-polsky-hospodsky-spor-o-dul-turow-se-presouva-mezi-obcany-34271<\/a><\/p>\n","protected":false},"excerpt":{"rendered":"<p>Polsko-\u010desk\u00e9 vztahy jsou v\u00edce ne\u017e napjat\u00e9. Vypov\u00edd\u00e1 o tom nejen d\u011bn\u00ed na politick\u00e9 sc\u00e9n\u011b, ale i p\u0159\u00edstup Pol\u00e1k\u016f. P\u0159ed vchodem do jedn\u00e9 z polsk\u00fdch hospod najdou z\u00e1kazn\u00edci nap\u0159\u00edklad kontroverzn\u00ed plak\u00e1t s n\u00e1pisem \u201e\u010cechy neobsluhujeme\u201c. Vyobrazen je na n\u011bm \u010desk\u00fd Krte\u010dek s lopatou v ruce a na pozad\u00ed je t\u011b\u017ea\u0159sk\u00fd stroj. Zdroj: https:\/\/cnn.iprima.cz\/cechy-neobsluhujeme-hlasa-polsky-hospodsky-spor-o-dul-turow-se-presouva-mezi-obcany-34271<\/p>\n","protected":false},"author":1,"featured_media":0,"comment_status":"open","ping_status":"closed","sticky":false,"template":"","format":"standard","meta":{"ngg_post_thumbnail":0,"footnotes":""},"categories":[24],"tags":[38],"class_list":["post-5849","post","type-post","status-publish","format-standard","hentry","category-zajimavosti","tag-turow"],"_links":{"self":[{"href":"https:\/\/www.infopoint.cz\/polsko\/wp-json\/wp\/v2\/posts\/5849","targetHints":{"allow":["GET"]}}],"collection":[{"href":"https:\/\/www.infopoint.cz\/polsko\/wp-json\/wp\/v2\/posts"}],"about":[{"href":"https:\/\/www.infopoint.cz\/polsko\/wp-json\/wp\/v2\/types\/post"}],"author":[{"embeddable":true,"href":"https:\/\/www.infopoint.cz\/polsko\/wp-json\/wp\/v2\/users\/1"}],"replies":[{"embeddable":true,"href":"https:\/\/www.infopoint.cz\/polsko\/wp-json\/wp\/v2\/comments?post=5849"}],"version-history":[{"count":1,"href":"https:\/\/www.infopoint.cz\/polsko\/wp-json\/wp\/v2\/posts\/5849\/revisions"}],"predecessor-version":[{"id":5850,"href":"https:\/\/www.infopoint.cz\/polsko\/wp-json\/wp\/v2\/posts\/5849\/revisions\/5850"}],"wp:attachment":[{"href":"https:\/\/www.infopoint.cz\/polsko\/wp-json\/wp\/v2\/media?parent=5849"}],"wp:term":[{"taxonomy":"category","embeddable":true,"href":"https:\/\/www.infopoint.cz\/polsko\/wp-json\/wp\/v2\/categories?post=5849"},{"taxonomy":"post_tag","embeddable":true,"href":"https:\/\/www.infopoint.cz\/polsko\/wp-json\/wp\/v2\/tags?post=5849"}],"curies":[{"name":"wp","href":"https:\/\/api.w.org\/{rel}","templated":true}]}}