{"id":5852,"date":"2021-09-30T08:20:35","date_gmt":"2021-09-30T06:20:35","guid":{"rendered":"https:\/\/www.infopoint.cz\/polsko\/?p=5852"},"modified":"2021-10-01T08:21:30","modified_gmt":"2021-10-01T06:21:30","slug":"na-cesky-trh-vstupuje-novy-polsky-retezec-otevira-prvni-kamennou-prodejnu","status":"publish","type":"post","link":"https:\/\/www.infopoint.cz\/polsko\/na-cesky-trh-vstupuje-novy-polsky-retezec-otevira-prvni-kamennou-prodejnu\/","title":{"rendered":"Na \u010desk\u00fd trh vstupuje nov\u00fd polsk\u00fd \u0159et\u011bzec. Otev\u00edr\u00e1 prvn\u00ed kamennou prodejnu"},"content":{"rendered":"<blockquote>\n<div class=\"opener\">Polsk\u00e1 skupina CCC op\u011bt expanduje do \u010ceska s dal\u0161\u00ed zna\u010dkou. Po letn\u00edm otev\u0159en\u00ed prvn\u00ed kamenn\u00e9 pobo\u010dky eobuv a Modivo vstupuje na trh s maloobchodn\u00edm \u0159et\u011bzcem Halfprice. Prvn\u00ed pobo\u010dku otev\u0159el v pra\u017esk\u00e9 Galerii Harfa a vedle zna\u010dkov\u00e9 m\u00f3dy a obuvi obchod nab\u00edz\u00ed i hra\u010dky nebo bytov\u00e9 dopl\u0148ky.<\/div>\n<\/blockquote>\n<p>Zdroj: <a href=\"https:\/\/www.idnes.cz\/ekonomika\/domaci\/polsky-obchod-halfprice-harfa-obchodni-centrum.A210929_154900_ekonomika_vebe\">https:\/\/www.idnes.cz\/ekonomika\/domaci\/polsky-obchod-halfprice-harfa-obchodni-centrum.A210929_154900_ekonomika_vebe<\/a><\/p>\n","protected":false},"excerpt":{"rendered":"<p>Polsk\u00e1 skupina CCC op\u011bt expanduje do \u010ceska s dal\u0161\u00ed zna\u010dkou. Po letn\u00edm otev\u0159en\u00ed prvn\u00ed kamenn\u00e9 pobo\u010dky eobuv a Modivo vstupuje na trh s maloobchodn\u00edm \u0159et\u011bzcem Halfprice. Prvn\u00ed pobo\u010dku otev\u0159el v pra\u017esk\u00e9 Galerii Harfa a vedle zna\u010dkov\u00e9 m\u00f3dy a obuvi obchod nab\u00edz\u00ed i hra\u010dky nebo bytov\u00e9 dopl\u0148ky. Zdroj: https:\/\/www.idnes.cz\/ekonomika\/domaci\/polsky-obchod-halfprice-harfa-obchodni-centrum.A210929_154900_ekonomika_vebe<\/p>\n","protected":false},"author":1,"featured_media":0,"comment_status":"open","ping_status":"closed","sticky":false,"template":"","format":"standard","meta":{"ngg_post_thumbnail":0,"footnotes":""},"categories":[24],"tags":[29],"class_list":["post-5852","post","type-post","status-publish","format-standard","hentry","category-zajimavosti","tag-zivot"],"_links":{"self":[{"href":"https:\/\/www.infopoint.cz\/polsko\/wp-json\/wp\/v2\/posts\/5852","targetHints":{"allow":["GET"]}}],"collection":[{"href":"https:\/\/www.infopoint.cz\/polsko\/wp-json\/wp\/v2\/posts"}],"about":[{"href":"https:\/\/www.infopoint.cz\/polsko\/wp-json\/wp\/v2\/types\/post"}],"author":[{"embeddable":true,"href":"https:\/\/www.infopoint.cz\/polsko\/wp-json\/wp\/v2\/users\/1"}],"replies":[{"embeddable":true,"href":"https:\/\/www.infopoint.cz\/polsko\/wp-json\/wp\/v2\/comments?post=5852"}],"version-history":[{"count":1,"href":"https:\/\/www.infopoint.cz\/polsko\/wp-json\/wp\/v2\/posts\/5852\/revisions"}],"predecessor-version":[{"id":5853,"href":"https:\/\/www.infopoint.cz\/polsko\/wp-json\/wp\/v2\/posts\/5852\/revisions\/5853"}],"wp:attachment":[{"href":"https:\/\/www.infopoint.cz\/polsko\/wp-json\/wp\/v2\/media?parent=5852"}],"wp:term":[{"taxonomy":"category","embeddable":true,"href":"https:\/\/www.infopoint.cz\/polsko\/wp-json\/wp\/v2\/categories?post=5852"},{"taxonomy":"post_tag","embeddable":true,"href":"https:\/\/www.infopoint.cz\/polsko\/wp-json\/wp\/v2\/tags?post=5852"}],"curies":[{"name":"wp","href":"https:\/\/api.w.org\/{rel}","templated":true}]}}