{"id":5864,"date":"2022-01-13T08:14:45","date_gmt":"2022-01-13T07:14:45","guid":{"rendered":"https:\/\/www.infopoint.cz\/polsko\/?p=5864"},"modified":"2022-01-14T08:17:32","modified_gmt":"2022-01-14T07:17:32","slug":"polsko-uvazuje-o-reseni-sporu-s-ceskem-o-turow-u-arbitrazniho-soudu","status":"publish","type":"post","link":"https:\/\/www.infopoint.cz\/polsko\/polsko-uvazuje-o-reseni-sporu-s-ceskem-o-turow-u-arbitrazniho-soudu\/","title":{"rendered":"Polsko uva\u017euje o \u0159e\u0161en\u00ed sporu s \u010ceskem o Tur\u00f3w u arbitr\u00e1\u017en\u00edho soudu"},"content":{"rendered":"<blockquote><p>Var\u0161ava 13. ledna (\u010cTK) &#8211; Polsko uva\u017euje o tom, \u017ee se kv\u016fli sporu s \u010ceskem o hn\u011bdouheln\u00fd d\u016fl Tur\u00f3w obr\u00e1t\u00ed na arbitr\u00e1\u017en\u00ed soud ve Stockholmu. Napsal to polsk\u00fd list Dziennik.<\/p><\/blockquote>\n<p>Zdroj: <a href=\"https:\/\/www.pravniprostor.cz\/aktuality\/polsko-uvazuje-o-reseni-sporu-s-ceskem-o-turow-u-arbitrazniho-soudu\">https:\/\/www.pravniprostor.cz\/aktuality\/polsko-uvazuje-o-reseni-sporu-s-ceskem-o-turow-u-arbitrazniho-soudu<\/a><\/p>\n<p>&nbsp;<\/p>\n","protected":false},"excerpt":{"rendered":"<p>Var\u0161ava 13. ledna (\u010cTK) &#8211; Polsko uva\u017euje o tom, \u017ee se kv\u016fli sporu s \u010ceskem o hn\u011bdouheln\u00fd d\u016fl Tur\u00f3w obr\u00e1t\u00ed na arbitr\u00e1\u017en\u00ed soud ve Stockholmu. Napsal to polsk\u00fd list Dziennik. Zdroj: https:\/\/www.pravniprostor.cz\/aktuality\/polsko-uvazuje-o-reseni-sporu-s-ceskem-o-turow-u-arbitrazniho-soudu &nbsp;<\/p>\n","protected":false},"author":2,"featured_media":0,"comment_status":"open","ping_status":"closed","sticky":false,"template":"","format":"standard","meta":{"ngg_post_thumbnail":0,"footnotes":""},"categories":[24],"tags":[38],"class_list":["post-5864","post","type-post","status-publish","format-standard","hentry","category-zajimavosti","tag-turow"],"_links":{"self":[{"href":"https:\/\/www.infopoint.cz\/polsko\/wp-json\/wp\/v2\/posts\/5864","targetHints":{"allow":["GET"]}}],"collection":[{"href":"https:\/\/www.infopoint.cz\/polsko\/wp-json\/wp\/v2\/posts"}],"about":[{"href":"https:\/\/www.infopoint.cz\/polsko\/wp-json\/wp\/v2\/types\/post"}],"author":[{"embeddable":true,"href":"https:\/\/www.infopoint.cz\/polsko\/wp-json\/wp\/v2\/users\/2"}],"replies":[{"embeddable":true,"href":"https:\/\/www.infopoint.cz\/polsko\/wp-json\/wp\/v2\/comments?post=5864"}],"version-history":[{"count":2,"href":"https:\/\/www.infopoint.cz\/polsko\/wp-json\/wp\/v2\/posts\/5864\/revisions"}],"predecessor-version":[{"id":5866,"href":"https:\/\/www.infopoint.cz\/polsko\/wp-json\/wp\/v2\/posts\/5864\/revisions\/5866"}],"wp:attachment":[{"href":"https:\/\/www.infopoint.cz\/polsko\/wp-json\/wp\/v2\/media?parent=5864"}],"wp:term":[{"taxonomy":"category","embeddable":true,"href":"https:\/\/www.infopoint.cz\/polsko\/wp-json\/wp\/v2\/categories?post=5864"},{"taxonomy":"post_tag","embeddable":true,"href":"https:\/\/www.infopoint.cz\/polsko\/wp-json\/wp\/v2\/tags?post=5864"}],"curies":[{"name":"wp","href":"https:\/\/api.w.org\/{rel}","templated":true}]}}