{"id":5869,"date":"2022-02-03T20:49:34","date_gmt":"2022-02-03T19:49:34","guid":{"rendered":"https:\/\/www.infopoint.cz\/polsko\/?p=5869"},"modified":"2022-03-23T17:03:20","modified_gmt":"2022-03-23T16:03:20","slug":"polsko-zkusi-odvratit-pokuty-ktere-ma-platit-za-turow-oznamil-premier-morawiecki","status":"publish","type":"post","link":"https:\/\/www.infopoint.cz\/polsko\/polsko-zkusi-odvratit-pokuty-ktere-ma-platit-za-turow-oznamil-premier-morawiecki\/","title":{"rendered":"Polsko zkus\u00ed odvr\u00e1tit pokuty, kter\u00e9 m\u00e1 platit za Tur\u00f3w, ozn\u00e1mil premi\u00e9r Morawiecki"},"content":{"rendered":"<blockquote><p>Polsko se ur\u010dit\u011b pokus\u00ed odvr\u00e1tit povinnost platit pokuty, kter\u00e9 mu ulo\u017eil Soudn\u00ed dv\u016fr Evropsk\u00e9 unie za to, \u017ee ignorovalo jeho d\u0159\u00edv\u011bj\u0161\u00ed p\u0159edb\u011b\u017en\u00e9 opat\u0159en\u00ed na\u0159izuj\u00edc\u00ed okam\u017eit\u00e9 zastaven\u00ed t\u011b\u017eby v dole Tur\u00f3w. Podle agentury PAP to \u0159ekl polsk\u00fd premi\u00e9r Mateusz Morawiecki, kter\u00fd ve \u010dtvrtek hn\u011bdouheln\u00fd d\u016fl nav\u0161t\u00edvil. \u010cesko a Polsko p\u0159ed t\u00edm v Praze uzav\u0159ely dohodu o \u0159e\u0161en\u00ed vlivu t\u011b\u017eebn\u00ed \u010dinnosti v dole u \u010desk\u00fdch hranic.<\/p><\/blockquote>\n<p>Zdroj: <a href=\"https:\/\/www.irozhlas.cz\/zpravy-svet\/polsko-placeni-pokut-za-turow-soudni-dvur-eu-morawiecki_2202031954_ern\">https:\/\/www.irozhlas.cz\/zpravy-svet\/polsko-placeni-pokut-za-turow-soudni-dvur-eu-morawiecki_2202031954_ern<\/a><\/p>\n","protected":false},"excerpt":{"rendered":"<p>Polsko se ur\u010dit\u011b pokus\u00ed odvr\u00e1tit povinnost platit pokuty, kter\u00e9 mu ulo\u017eil Soudn\u00ed dv\u016fr Evropsk\u00e9 unie za to, \u017ee ignorovalo jeho d\u0159\u00edv\u011bj\u0161\u00ed p\u0159edb\u011b\u017en\u00e9 opat\u0159en\u00ed na\u0159izuj\u00edc\u00ed okam\u017eit\u00e9 zastaven\u00ed t\u011b\u017eby v dole Tur\u00f3w. Podle agentury PAP to \u0159ekl polsk\u00fd premi\u00e9r Mateusz Morawiecki, kter\u00fd ve \u010dtvrtek hn\u011bdouheln\u00fd d\u016fl nav\u0161t\u00edvil. \u010cesko a Polsko p\u0159ed t\u00edm v Praze uzav\u0159ely dohodu o [&hellip;]<\/p>\n","protected":false},"author":2,"featured_media":0,"comment_status":"open","ping_status":"closed","sticky":false,"template":"","format":"standard","meta":{"ngg_post_thumbnail":0,"footnotes":""},"categories":[24],"tags":[38],"class_list":["post-5869","post","type-post","status-publish","format-standard","hentry","category-zajimavosti","tag-turow"],"_links":{"self":[{"href":"https:\/\/www.infopoint.cz\/polsko\/wp-json\/wp\/v2\/posts\/5869","targetHints":{"allow":["GET"]}}],"collection":[{"href":"https:\/\/www.infopoint.cz\/polsko\/wp-json\/wp\/v2\/posts"}],"about":[{"href":"https:\/\/www.infopoint.cz\/polsko\/wp-json\/wp\/v2\/types\/post"}],"author":[{"embeddable":true,"href":"https:\/\/www.infopoint.cz\/polsko\/wp-json\/wp\/v2\/users\/2"}],"replies":[{"embeddable":true,"href":"https:\/\/www.infopoint.cz\/polsko\/wp-json\/wp\/v2\/comments?post=5869"}],"version-history":[{"count":1,"href":"https:\/\/www.infopoint.cz\/polsko\/wp-json\/wp\/v2\/posts\/5869\/revisions"}],"predecessor-version":[{"id":5870,"href":"https:\/\/www.infopoint.cz\/polsko\/wp-json\/wp\/v2\/posts\/5869\/revisions\/5870"}],"wp:attachment":[{"href":"https:\/\/www.infopoint.cz\/polsko\/wp-json\/wp\/v2\/media?parent=5869"}],"wp:term":[{"taxonomy":"category","embeddable":true,"href":"https:\/\/www.infopoint.cz\/polsko\/wp-json\/wp\/v2\/categories?post=5869"},{"taxonomy":"post_tag","embeddable":true,"href":"https:\/\/www.infopoint.cz\/polsko\/wp-json\/wp\/v2\/tags?post=5869"}],"curies":[{"name":"wp","href":"https:\/\/api.w.org\/{rel}","templated":true}]}}