{"id":5872,"date":"2022-03-23T17:05:12","date_gmt":"2022-03-23T16:05:12","guid":{"rendered":"https:\/\/www.infopoint.cz\/polsko\/?p=5872"},"modified":"2022-03-23T17:05:12","modified_gmt":"2022-03-23T16:05:12","slug":"polsko-vyhosti-45-ruskych-diplomatu-oznamila-varsava","status":"publish","type":"post","link":"https:\/\/www.infopoint.cz\/polsko\/polsko-vyhosti-45-ruskych-diplomatu-oznamila-varsava\/","title":{"rendered":"Polsko vyhost\u00ed 45 rusk\u00fdch diplomat\u016f, ozn\u00e1mila Var\u0161ava"},"content":{"rendered":"<div id=\"articlebody\">\n<blockquote>\n<p class=\"big\">Var\u0161ava &#8211; Polsko v koordinaci se spojenci rozhodlo o velmi v\u00fdrazn\u00e9m sn\u00ed\u017een\u00ed po\u010dtu diplomatick\u00fdch pracovn\u00edk\u016f na rusk\u00e9m velvyslanectv\u00ed ve Var\u0161av\u011b. Zemi opust\u00ed celkem 45 lid\u00ed s r\u016fzn\u00fdmi diplomatick\u00fdmi statusy, ozn\u00e1mil dnes podle agentury PAP mluv\u010d\u00ed ministerstva zahrani\u010d\u00ed Lukasz Jasina. Vyho\u0161t\u011bn\u00ed Rusov\u00e9 podle n\u011bj mus\u00ed odjet do p\u011bti dn\u016f, jeden u\u017e do 48 hodin. Mluv\u010d\u00ed polsk\u00e9ho ministra pov\u011b\u0159en\u00e9ho koordinac\u00ed tajn\u00fdch slu\u017eeb Stanislaw \u017daryn d\u0159\u00edve novin\u00e1\u0159\u016fm sd\u011blil, \u017ee polsk\u00e1 kontrarozv\u011bdka ABW identifikovala 45 rusk\u00fdch diplomat\u016f podez\u0159el\u00fdch ze \u0161pion\u00e1\u017ee. Rusko obvin\u011bn\u00ed ozna\u010dilo za nepodlo\u017een\u00e1.<\/p>\n<\/blockquote>\n<p>Zdroj: <a href=\"https:\/\/www.ceskenoviny.cz\/zpravy\/polsko-vyhosti-45-ruskych-diplomatu-oznamila-varsava\/2181825\">https:\/\/www.ceskenoviny.cz\/zpravy\/polsko-vyhosti-45-ruskych-diplomatu-oznamila-varsava\/2181825<\/a><\/p>\n<\/div>\n","protected":false},"excerpt":{"rendered":"<p>Var\u0161ava &#8211; Polsko v koordinaci se spojenci rozhodlo o velmi v\u00fdrazn\u00e9m sn\u00ed\u017een\u00ed po\u010dtu diplomatick\u00fdch pracovn\u00edk\u016f na rusk\u00e9m velvyslanectv\u00ed ve Var\u0161av\u011b. Zemi opust\u00ed celkem 45 lid\u00ed s r\u016fzn\u00fdmi diplomatick\u00fdmi statusy, ozn\u00e1mil dnes podle agentury PAP mluv\u010d\u00ed ministerstva zahrani\u010d\u00ed Lukasz Jasina. Vyho\u0161t\u011bn\u00ed Rusov\u00e9 podle n\u011bj mus\u00ed odjet do p\u011bti dn\u016f, jeden u\u017e do 48 hodin. Mluv\u010d\u00ed polsk\u00e9ho [&hellip;]<\/p>\n","protected":false},"author":2,"featured_media":0,"comment_status":"open","ping_status":"closed","sticky":false,"template":"","format":"standard","meta":{"ngg_post_thumbnail":0,"footnotes":""},"categories":[24],"tags":[],"class_list":["post-5872","post","type-post","status-publish","format-standard","hentry","category-zajimavosti"],"_links":{"self":[{"href":"https:\/\/www.infopoint.cz\/polsko\/wp-json\/wp\/v2\/posts\/5872","targetHints":{"allow":["GET"]}}],"collection":[{"href":"https:\/\/www.infopoint.cz\/polsko\/wp-json\/wp\/v2\/posts"}],"about":[{"href":"https:\/\/www.infopoint.cz\/polsko\/wp-json\/wp\/v2\/types\/post"}],"author":[{"embeddable":true,"href":"https:\/\/www.infopoint.cz\/polsko\/wp-json\/wp\/v2\/users\/2"}],"replies":[{"embeddable":true,"href":"https:\/\/www.infopoint.cz\/polsko\/wp-json\/wp\/v2\/comments?post=5872"}],"version-history":[{"count":1,"href":"https:\/\/www.infopoint.cz\/polsko\/wp-json\/wp\/v2\/posts\/5872\/revisions"}],"predecessor-version":[{"id":5873,"href":"https:\/\/www.infopoint.cz\/polsko\/wp-json\/wp\/v2\/posts\/5872\/revisions\/5873"}],"wp:attachment":[{"href":"https:\/\/www.infopoint.cz\/polsko\/wp-json\/wp\/v2\/media?parent=5872"}],"wp:term":[{"taxonomy":"category","embeddable":true,"href":"https:\/\/www.infopoint.cz\/polsko\/wp-json\/wp\/v2\/categories?post=5872"},{"taxonomy":"post_tag","embeddable":true,"href":"https:\/\/www.infopoint.cz\/polsko\/wp-json\/wp\/v2\/tags?post=5872"}],"curies":[{"name":"wp","href":"https:\/\/api.w.org\/{rel}","templated":true}]}}