{"id":5875,"date":"2022-03-25T09:43:51","date_gmt":"2022-03-25T08:43:51","guid":{"rendered":"https:\/\/www.infopoint.cz\/polsko\/?p=5875"},"modified":"2022-03-25T09:57:18","modified_gmt":"2022-03-25T08:57:18","slug":"biden-v-polsku","status":"publish","type":"post","link":"https:\/\/www.infopoint.cz\/polsko\/biden-v-polsku\/","title":{"rendered":"BIDEN V POLSKU"},"content":{"rendered":"<div class=\"embed\">\n<p>Americk\u00fd prezident Joe Biden se po n\u00e1v\u0161t\u011bv\u00e1ch a jedn\u00e1n\u00edch na summitu NATO a jedn\u00e1n\u00ed Evropsk\u00e9 rady dnes p\u0159esune do polsk\u00e9ho Re\u017enova, d\u016fle\u017eit\u00e9ho logistick\u00e9ho bodu pro pomoc Ukrajin\u011b. Na programu m\u00e1 setk\u00e1n\u00ed s polsk\u00fdm prezidentem Dudou, voj\u00e1ky z USA i Polska a tak\u00e9 organizacemi, kte\u0159\u00ed Ukrajin\u011b poskytuj\u00ed pomoc.<\/p>\n<\/div>\n<div class=\"embed\">&nbsp;<\/div>\n<div class=\"embed\">\n<div class=\"embed \">\n<blockquote class=\"twitter-tweet\">\n<p dir=\"ltr\" lang=\"cs\">Prezident Biden dnes p\u0159ilet\u00ed do polsk\u00e9ho \u0158e\u0161ova, d\u016fle\u017eit\u00e9ho logistick\u00e9ho bodu pomoci Ukrajin\u011b. Uv\u00edt\u00e1 ho tam prezident Duda, setkaj\u00ed se s organizacemi na pomoc uprchl\u00edk\u016fm a ka\u017ed\u00fd pak se sv\u00fdmi voj\u00e1ky. Z\u00edtra je na programu jedn\u00e1n\u00ed ve Var\u0161av\u011b a Biden\u016fv projev na var\u0161avsk\u00e9m z\u00e1mku.<\/p>\n<p>\u2014 Filip Harzer (@HarzerF) <a href=\"https:\/\/twitter.com\/HarzerF\/status\/1507242129533325320?ref_src=twsrc%5Etfw\">March 25, 2022<\/a><\/p><\/blockquote>\n<\/div>\n<div>Zdroj:<\/div>\n<div><a href=\"https:\/\/www.irozhlas.cz\/zpravy-svet\/biden-usa-nato-polsko-jednan-ukrajina-valka-rusko_2203210351_ban\">https:\/\/www.irozhlas.cz\/zpravy-svet\/biden-usa-nato-polsko-jednan-ukrajina-valka-rusko_2203210351_ban<\/a><\/div>\n<div><a href=\"https:\/\/www.politico.eu\/article\/ukraine-war-turns-poland-from-pariah-to-indispensable-us-ally\/\">https:\/\/www.politico.eu\/article\/ukraine-war-turns-poland-from-pariah-to-indispensable-us-ally\/<\/a><\/div>\n<div>&nbsp;<\/div>\n<div>&nbsp;<\/div>\n<\/div>\n","protected":false},"excerpt":{"rendered":"<p>Americk\u00fd prezident Joe Biden se po n\u00e1v\u0161t\u011bv\u00e1ch a jedn\u00e1n\u00edch na summitu NATO a jedn\u00e1n\u00ed Evropsk\u00e9 rady dnes p\u0159esune do polsk\u00e9ho Re\u017enova, d\u016fle\u017eit\u00e9ho logistick\u00e9ho bodu pro pomoc Ukrajin\u011b. Na programu m\u00e1 setk\u00e1n\u00ed s polsk\u00fdm prezidentem Dudou, voj\u00e1ky z USA i Polska a tak\u00e9 organizacemi, kte\u0159\u00ed Ukrajin\u011b poskytuj\u00ed pomoc. &nbsp; Prezident Biden dnes p\u0159ilet\u00ed do polsk\u00e9ho \u0158e\u0161ova, [&hellip;]<\/p>\n","protected":false},"author":2,"featured_media":0,"comment_status":"open","ping_status":"closed","sticky":false,"template":"","format":"standard","meta":{"ngg_post_thumbnail":0,"footnotes":""},"categories":[24],"tags":[],"class_list":["post-5875","post","type-post","status-publish","format-standard","hentry","category-zajimavosti"],"_links":{"self":[{"href":"https:\/\/www.infopoint.cz\/polsko\/wp-json\/wp\/v2\/posts\/5875","targetHints":{"allow":["GET"]}}],"collection":[{"href":"https:\/\/www.infopoint.cz\/polsko\/wp-json\/wp\/v2\/posts"}],"about":[{"href":"https:\/\/www.infopoint.cz\/polsko\/wp-json\/wp\/v2\/types\/post"}],"author":[{"embeddable":true,"href":"https:\/\/www.infopoint.cz\/polsko\/wp-json\/wp\/v2\/users\/2"}],"replies":[{"embeddable":true,"href":"https:\/\/www.infopoint.cz\/polsko\/wp-json\/wp\/v2\/comments?post=5875"}],"version-history":[{"count":5,"href":"https:\/\/www.infopoint.cz\/polsko\/wp-json\/wp\/v2\/posts\/5875\/revisions"}],"predecessor-version":[{"id":5880,"href":"https:\/\/www.infopoint.cz\/polsko\/wp-json\/wp\/v2\/posts\/5875\/revisions\/5880"}],"wp:attachment":[{"href":"https:\/\/www.infopoint.cz\/polsko\/wp-json\/wp\/v2\/media?parent=5875"}],"wp:term":[{"taxonomy":"category","embeddable":true,"href":"https:\/\/www.infopoint.cz\/polsko\/wp-json\/wp\/v2\/categories?post=5875"},{"taxonomy":"post_tag","embeddable":true,"href":"https:\/\/www.infopoint.cz\/polsko\/wp-json\/wp\/v2\/tags?post=5875"}],"curies":[{"name":"wp","href":"https:\/\/api.w.org\/{rel}","templated":true}]}}