{"id":5891,"date":"2022-04-13T22:11:17","date_gmt":"2022-04-13T20:11:17","guid":{"rendered":"https:\/\/www.infopoint.cz\/polsko\/?p=5891"},"modified":"2022-04-13T22:12:41","modified_gmt":"2022-04-13T20:12:41","slug":"polsko-otevre-novy-pruplav-na-viselske-kose-umozni-mu-to-rozmistit-armadu-bliz-rusku","status":"publish","type":"post","link":"https:\/\/www.infopoint.cz\/polsko\/polsko-otevre-novy-pruplav-na-viselske-kose-umozni-mu-to-rozmistit-armadu-bliz-rusku\/","title":{"rendered":"Polsko otev\u0159e nov\u00fd pr\u016fplav na Viselsk\u00e9 kose. Umo\u017en\u00ed mu to rozm\u00edstit arm\u00e1du bl\u00ed\u017e Rusku"},"content":{"rendered":"<blockquote><p>Rusko o v\u00edkendu ve sv\u00e9 exkl\u00e1v\u011b Kaliningrad spustilo men\u0161\u00ed vojensk\u00e9 cvi\u010den\u00ed. Zapojilo se do n\u011bj tis\u00edc voj\u00e1k\u016f a \u0161edes\u00e1t kus\u016f techniky. Ve stejnou chv\u00edli sousedn\u00ed Polsko ozn\u00e1milo, \u017ee v z\u00e1\u0159\u00ed otev\u0159e pr\u016fplav na takzvan\u00e9 Viselsk\u00e9 kose. V t\u011bsn\u00e9 bl\u00edzkosti Kaliningradsk\u00e9 oblasti tak bude moct rozm\u00edstit n\u00e1mo\u0159nictvo.<\/p><\/blockquote>\n<p>Zdroj: <a href=\"https:\/\/ct24.ceskatelevize.cz\/specialy\/rusko-ukrajinsky-konflikt\/3471774-polsko-otevre-novy-pruplav-na-viselske-kose-umozni-mu\">https:\/\/ct24.ceskatelevize.cz\/specialy\/rusko-ukrajinsky-konflikt\/3471774-polsko-otevre-novy-pruplav-na-viselske-kose-umozni-mu<\/a><\/p>\n<p><a href=\"https:\/\/cs.wikipedia.org\/wiki\/Viselsk%C3%A1_kosa\">https:\/\/cs.wikipedia.org\/wiki\/Viselsk%C3%A1_kosa<\/a><\/p>\n<p><a href=\"https:\/\/www.irozhlas.cz\/zpravy-svet\/polsko-pristav-viselska-kosa-baltske-more-mateusz-morawiecki-elblag-varsava_1910041816_gak\">https:\/\/www.irozhlas.cz\/zpravy-svet\/polsko-pristav-viselska-kosa-baltske-more-mateusz-morawiecki-elblag-varsava_1910041816_gak<\/a><\/p>\n<p><a href=\"https:\/\/www.irozhlas.cz\/zpravy-svet\/polsko-viselska-kosa-pruplav-kanal-stavba_2009180851_tzr\">https:\/\/www.irozhlas.cz\/zpravy-svet\/polsko-viselska-kosa-pruplav-kanal-stavba_2009180851_tzr<\/a><\/p>\n","protected":false},"excerpt":{"rendered":"<p>Rusko o v\u00edkendu ve sv\u00e9 exkl\u00e1v\u011b Kaliningrad spustilo men\u0161\u00ed vojensk\u00e9 cvi\u010den\u00ed. Zapojilo se do n\u011bj tis\u00edc voj\u00e1k\u016f a \u0161edes\u00e1t kus\u016f techniky. Ve stejnou chv\u00edli sousedn\u00ed Polsko ozn\u00e1milo, \u017ee v z\u00e1\u0159\u00ed otev\u0159e pr\u016fplav na takzvan\u00e9 Viselsk\u00e9 kose. V t\u011bsn\u00e9 bl\u00edzkosti Kaliningradsk\u00e9 oblasti tak bude moct rozm\u00edstit n\u00e1mo\u0159nictvo. Zdroj: https:\/\/ct24.ceskatelevize.cz\/specialy\/rusko-ukrajinsky-konflikt\/3471774-polsko-otevre-novy-pruplav-na-viselske-kose-umozni-mu https:\/\/cs.wikipedia.org\/wiki\/Viselsk%C3%A1_kosa https:\/\/www.irozhlas.cz\/zpravy-svet\/polsko-pristav-viselska-kosa-baltske-more-mateusz-morawiecki-elblag-varsava_1910041816_gak https:\/\/www.irozhlas.cz\/zpravy-svet\/polsko-viselska-kosa-pruplav-kanal-stavba_2009180851_tzr<\/p>\n","protected":false},"author":2,"featured_media":0,"comment_status":"open","ping_status":"closed","sticky":false,"template":"","format":"standard","meta":{"ngg_post_thumbnail":0,"footnotes":""},"categories":[24],"tags":[],"class_list":["post-5891","post","type-post","status-publish","format-standard","hentry","category-zajimavosti"],"_links":{"self":[{"href":"https:\/\/www.infopoint.cz\/polsko\/wp-json\/wp\/v2\/posts\/5891","targetHints":{"allow":["GET"]}}],"collection":[{"href":"https:\/\/www.infopoint.cz\/polsko\/wp-json\/wp\/v2\/posts"}],"about":[{"href":"https:\/\/www.infopoint.cz\/polsko\/wp-json\/wp\/v2\/types\/post"}],"author":[{"embeddable":true,"href":"https:\/\/www.infopoint.cz\/polsko\/wp-json\/wp\/v2\/users\/2"}],"replies":[{"embeddable":true,"href":"https:\/\/www.infopoint.cz\/polsko\/wp-json\/wp\/v2\/comments?post=5891"}],"version-history":[{"count":2,"href":"https:\/\/www.infopoint.cz\/polsko\/wp-json\/wp\/v2\/posts\/5891\/revisions"}],"predecessor-version":[{"id":5893,"href":"https:\/\/www.infopoint.cz\/polsko\/wp-json\/wp\/v2\/posts\/5891\/revisions\/5893"}],"wp:attachment":[{"href":"https:\/\/www.infopoint.cz\/polsko\/wp-json\/wp\/v2\/media?parent=5891"}],"wp:term":[{"taxonomy":"category","embeddable":true,"href":"https:\/\/www.infopoint.cz\/polsko\/wp-json\/wp\/v2\/categories?post=5891"},{"taxonomy":"post_tag","embeddable":true,"href":"https:\/\/www.infopoint.cz\/polsko\/wp-json\/wp\/v2\/tags?post=5891"}],"curies":[{"name":"wp","href":"https:\/\/api.w.org\/{rel}","templated":true}]}}