{"id":5895,"date":"2022-04-27T20:48:52","date_gmt":"2022-04-27T18:48:52","guid":{"rendered":"https:\/\/www.infopoint.cz\/polsko\/?p=5895"},"modified":"2022-04-27T21:08:47","modified_gmt":"2022-04-27T19:08:47","slug":"stopka-ruskeho-plynu-situace-ceska-by-byla-svizelna-doslo-by-na-regulaci-spotreby-popisuje-expert","status":"publish","type":"post","link":"https:\/\/www.infopoint.cz\/polsko\/stopka-ruskeho-plynu-situace-ceska-by-byla-svizelna-doslo-by-na-regulaci-spotreby-popisuje-expert\/","title":{"rendered":"Stopka rusk\u00e9ho plynu? Situace \u010ceska by byla sv\u00edzeln\u00e1, do\u0161lo by na regulaci spot\u0159eby, popisuje expert"},"content":{"rendered":"<div class=\"row row--article\">\n<div class=\"col col--main\">\n<div class=\"b-detail\">\n<header class=\"b-detail__head\">\n<blockquote>\n<p class=\"text-bold--m text-md--m text-lg\">Rusk\u00fd Gazprom stopl dod\u00e1vky plynu do Polska a Bulharska. Zem\u011b odm\u00edtly za plyn platit v rublech. Polsko je na konec rusk\u00e9ho plynu relativn\u011b dob\u0159e p\u0159ipraveno, popisuje pro \u010cesk\u00fd rozhlas Plus Ji\u0159\u00ed Gavor, v\u00fdkonn\u00fd \u0159editel Asociace nez\u00e1visl\u00fdch dodavatel\u016f energi\u00ed. Bulharsko je naopak podle n\u011bj velice zraniteln\u00e9. Do sv\u00edzeln\u00e9 situace by se dostalo i \u010cesko, p\u0159ibli\u017euje.<\/p>\n<\/blockquote>\n<p>Zdroj: <a href=\"https:\/\/www.irozhlas.cz\/ekonomika\/plyn-rusko-polsko-bulharsko-gazprom-cesko-zasobniky-plynu_2204271048_ako\">https:\/\/www.irozhlas.cz\/ekonomika\/plyn-rusko-polsko-bulharsko-gazprom-cesko-zasobniky-plynu_2204271048_ako<\/a><\/p>\n<\/header>\n<div>&nbsp;<\/div>\n<div>\n<div class=\"c-livereport__info\"><time class=\"c-livereport__time\" datetime=\"2022-04-27T14:26:00+02:00\">14:26 <strong>PLYN Z KOREJE.<\/strong> Ji\u017en\u00ed Korea je p\u0159ipravena do l\u00e9ta p\u0159esm\u011brovat \u010d\u00e1st dod\u00e1vek plynu do Evropy, kde na trhu panuje nejistota v souvislosti s ukrajinskou kriz\u00ed. U\u010dinit by tak m\u011bla na \u017e\u00e1dost Spojen\u00fdch st\u00e1t\u016f \u010di evropsk\u00fdch zem\u00ed. Podle agentury Reuters to dnes uvedl zdroj obezn\u00e1men\u00fd s touto z\u00e1le\u017eitost\u00ed.<\/time><\/div>\n<\/div>\n<div>&nbsp;<\/div>\n<div class=\"c-livereport__info\"><time class=\"c-livereport__time\" datetime=\"2022-04-27T13:03:00+02:00\">13:03 <strong>PODPORA POLSKU KV\u016eLI DOD\u00c1VK\u00c1M PLYNU.<\/strong> Prezident Milo\u0161 Zeman vyj\u00e1d\u0159il Polsku plnou podporu v problematice zastaven\u00ed dod\u00e1vek rusk\u00e9ho plynu. Rusov\u00e9 poru\u0161ili existuj\u00edc\u00ed smlouvy jak z hlediska term\u00ednu, tak z hlediska formy placen\u00ed. Zeman to \u0159ekl na briefingu po jedn\u00e1n\u00ed se sv\u00fdm polsk\u00fdm prot\u011bj\u0161kem Andrzejem Dudou v Praze.<\/time><\/div>\n<div class=\"c-livereport__content\">\n<div class=\"embed\">\n<div class=\"embed \">\n<blockquote>\n<p dir=\"ltr\" lang=\"cs\">Pan prezident na Pra\u017esk\u00e9m hrad\u011b srde\u010dn\u011b p\u0159iv\u00edtal polsk\u00e9ho prezidenta Andrzeje Dudu.<br \/>\nT\u00e9ma jedn\u00e1n\u00ed je v\u00e1\u017en\u00e9. Rusk\u00e1 agrese proti Ukrajin\u011b , pomoc zemi \u010del\u00edc\u00ed brut\u00e1ln\u00edmu v\u00e1le\u010dn\u00e9mu n\u00e1sil\u00ed. <a href=\"https:\/\/t.co\/YcTWyaajpL\">pic.twitter.com\/YcTWyaajpL<\/a><\/p>\n<p>\u2014 Ji\u0159\u00ed Ov\u010d\u00e1\u010dek (@PREZIDENTmluvci) <a href=\"https:\/\/twitter.com\/PREZIDENTmluvci\/status\/1519246883524329472?ref_src=twsrc%5Etfw\">April 27, 2022<\/a><\/p><\/blockquote>\n<\/div>\n<\/div>\n<\/div>\n<\/div>\n<\/div>\n<\/div>\n<div class=\"c-livereport__info\"><time class=\"c-livereport__time\" datetime=\"2022-04-27T12:15:00+02:00\">12:15 <strong>POLSKO JE P\u0158IPRAVEN\u00c9.<\/strong> Polsko je p\u0159ipraveno obej\u00edt se bez plynu a p\u0159\u00edpadn\u011b tak\u00e9 bez ropy z Ruska, uvedla dnes v polsk\u00e1 ministryn\u011b \u017eivotn\u00edho prost\u0159ed\u00ed Anna Moskwov\u00e1. Polsko bylo na rusk\u00e9 \u201euta\u017een\u00ed kohoutk\u016f\u201c nachyst\u00e1no, z\u00e1sobn\u00edky s plynem jsou pln\u00e9 p\u0159ibli\u017en\u011b z 80 procent. D\u00edky dod\u00e1vk\u00e1m p\u0159es p\u0159\u00edpojky plynovod\u016f z \u010ceska a Litvy ale nemus\u00ed do z\u00e1sob ani sahat; tak\u00e9 t\u011b\u017eba plynu v samotn\u00e9m Polsku b\u011b\u017e\u00ed na maximum, ujistila v rozhlasov\u00e9m rozhovoru.<\/time><\/div>\n","protected":false},"excerpt":{"rendered":"<p>Rusk\u00fd Gazprom stopl dod\u00e1vky plynu do Polska a Bulharska. Zem\u011b odm\u00edtly za plyn platit v rublech. Polsko je na konec rusk\u00e9ho plynu relativn\u011b dob\u0159e p\u0159ipraveno, popisuje pro \u010cesk\u00fd rozhlas Plus Ji\u0159\u00ed Gavor, v\u00fdkonn\u00fd \u0159editel Asociace nez\u00e1visl\u00fdch dodavatel\u016f energi\u00ed. Bulharsko je naopak podle n\u011bj velice zraniteln\u00e9. Do sv\u00edzeln\u00e9 situace by se dostalo i \u010cesko, p\u0159ibli\u017euje. Zdroj: [&hellip;]<\/p>\n","protected":false},"author":2,"featured_media":0,"comment_status":"open","ping_status":"closed","sticky":false,"template":"","format":"standard","meta":{"ngg_post_thumbnail":0,"footnotes":""},"categories":[24],"tags":[],"class_list":["post-5895","post","type-post","status-publish","format-standard","hentry","category-zajimavosti"],"_links":{"self":[{"href":"https:\/\/www.infopoint.cz\/polsko\/wp-json\/wp\/v2\/posts\/5895","targetHints":{"allow":["GET"]}}],"collection":[{"href":"https:\/\/www.infopoint.cz\/polsko\/wp-json\/wp\/v2\/posts"}],"about":[{"href":"https:\/\/www.infopoint.cz\/polsko\/wp-json\/wp\/v2\/types\/post"}],"author":[{"embeddable":true,"href":"https:\/\/www.infopoint.cz\/polsko\/wp-json\/wp\/v2\/users\/2"}],"replies":[{"embeddable":true,"href":"https:\/\/www.infopoint.cz\/polsko\/wp-json\/wp\/v2\/comments?post=5895"}],"version-history":[{"count":3,"href":"https:\/\/www.infopoint.cz\/polsko\/wp-json\/wp\/v2\/posts\/5895\/revisions"}],"predecessor-version":[{"id":5898,"href":"https:\/\/www.infopoint.cz\/polsko\/wp-json\/wp\/v2\/posts\/5895\/revisions\/5898"}],"wp:attachment":[{"href":"https:\/\/www.infopoint.cz\/polsko\/wp-json\/wp\/v2\/media?parent=5895"}],"wp:term":[{"taxonomy":"category","embeddable":true,"href":"https:\/\/www.infopoint.cz\/polsko\/wp-json\/wp\/v2\/categories?post=5895"},{"taxonomy":"post_tag","embeddable":true,"href":"https:\/\/www.infopoint.cz\/polsko\/wp-json\/wp\/v2\/tags?post=5895"}],"curies":[{"name":"wp","href":"https:\/\/api.w.org\/{rel}","templated":true}]}}