{"id":5914,"date":"2022-07-09T18:00:56","date_gmt":"2022-07-09T16:00:56","guid":{"rendered":"https:\/\/www.infopoint.cz\/polsko\/?p=5914"},"modified":"2022-07-11T18:02:23","modified_gmt":"2022-07-11T16:02:23","slug":"nektere-zeme-pristup-k-potratum-zprisnuji-jine-uvolnuji-velky-prehled-evropske-interrupcni-politiky","status":"publish","type":"post","link":"https:\/\/www.infopoint.cz\/polsko\/nektere-zeme-pristup-k-potratum-zprisnuji-jine-uvolnuji-velky-prehled-evropske-interrupcni-politiky\/","title":{"rendered":"N\u011bkter\u00e9 zem\u011b p\u0159\u00edstup k potrat\u016fm zp\u0159\u00eds\u0148uj\u00ed, jin\u00e9 uvol\u0148uj\u00ed. Velk\u00fd p\u0159ehled evropsk\u00e9 interrup\u010dn\u00ed politiky"},"content":{"rendered":"<blockquote><p>Nalije zru\u0161en\u00ed feder\u00e1ln\u00edho pr\u00e1va na interrupci ve Spojen\u00fdch st\u00e1tech novou krev do \u017eil snah\u00e1m omezovat potraty i v Evrop\u011b? Krom\u011b obecn\u011b zn\u00e1m\u00e9ho p\u0159\u00edpadu Polska toti\u017e doch\u00e1z\u00ed ke zp\u0159\u00eds\u0148ov\u00e1n\u00ed nap\u0159\u00edklad i v It\u00e1lii nebo Chorvatsku. Nemus\u00ed ale j\u00edt o zm\u011bnu z\u00e1kon\u016f, \u00fa\u0159ady \u010dasto podporovan\u00e9 c\u00edrkv\u00ed mohou pou\u017e\u00edvat i jin\u00e9 n\u00e1stroje. P\u0159\u00edpady \u0160pan\u011blska, Irska \u010di Gibraltaru ale nazna\u010duj\u00ed, \u017ee je v Evrop\u011b i druh\u00fd sm\u011br \u2013 st\u00e1ty, kter\u00e9 potratov\u00e9 podm\u00ednky uvol\u0148uj\u00ed.<\/p><\/blockquote>\n<p>Zdroj: <a href=\"https:\/\/www.irozhlas.cz\/zpravy-svet\/potraty-evropa-interrupce-polsko-italie-chorvatsko-cesko_2207090500_jgr\">https:\/\/www.irozhlas.cz\/zpravy-svet\/potraty-evropa-interrupce-polsko-italie-chorvatsko-cesko_2207090500_jgr<\/a><\/p>\n","protected":false},"excerpt":{"rendered":"<p>Nalije zru\u0161en\u00ed feder\u00e1ln\u00edho pr\u00e1va na interrupci ve Spojen\u00fdch st\u00e1tech novou krev do \u017eil snah\u00e1m omezovat potraty i v Evrop\u011b? Krom\u011b obecn\u011b zn\u00e1m\u00e9ho p\u0159\u00edpadu Polska toti\u017e doch\u00e1z\u00ed ke zp\u0159\u00eds\u0148ov\u00e1n\u00ed nap\u0159\u00edklad i v It\u00e1lii nebo Chorvatsku. Nemus\u00ed ale j\u00edt o zm\u011bnu z\u00e1kon\u016f, \u00fa\u0159ady \u010dasto podporovan\u00e9 c\u00edrkv\u00ed mohou pou\u017e\u00edvat i jin\u00e9 n\u00e1stroje. P\u0159\u00edpady \u0160pan\u011blska, Irska \u010di Gibraltaru ale [&hellip;]<\/p>\n","protected":false},"author":2,"featured_media":0,"comment_status":"open","ping_status":"closed","sticky":false,"template":"","format":"standard","meta":{"ngg_post_thumbnail":0,"footnotes":""},"categories":[24],"tags":[],"class_list":["post-5914","post","type-post","status-publish","format-standard","hentry","category-zajimavosti"],"_links":{"self":[{"href":"https:\/\/www.infopoint.cz\/polsko\/wp-json\/wp\/v2\/posts\/5914","targetHints":{"allow":["GET"]}}],"collection":[{"href":"https:\/\/www.infopoint.cz\/polsko\/wp-json\/wp\/v2\/posts"}],"about":[{"href":"https:\/\/www.infopoint.cz\/polsko\/wp-json\/wp\/v2\/types\/post"}],"author":[{"embeddable":true,"href":"https:\/\/www.infopoint.cz\/polsko\/wp-json\/wp\/v2\/users\/2"}],"replies":[{"embeddable":true,"href":"https:\/\/www.infopoint.cz\/polsko\/wp-json\/wp\/v2\/comments?post=5914"}],"version-history":[{"count":2,"href":"https:\/\/www.infopoint.cz\/polsko\/wp-json\/wp\/v2\/posts\/5914\/revisions"}],"predecessor-version":[{"id":5916,"href":"https:\/\/www.infopoint.cz\/polsko\/wp-json\/wp\/v2\/posts\/5914\/revisions\/5916"}],"wp:attachment":[{"href":"https:\/\/www.infopoint.cz\/polsko\/wp-json\/wp\/v2\/media?parent=5914"}],"wp:term":[{"taxonomy":"category","embeddable":true,"href":"https:\/\/www.infopoint.cz\/polsko\/wp-json\/wp\/v2\/categories?post=5914"},{"taxonomy":"post_tag","embeddable":true,"href":"https:\/\/www.infopoint.cz\/polsko\/wp-json\/wp\/v2\/tags?post=5914"}],"curies":[{"name":"wp","href":"https:\/\/api.w.org\/{rel}","templated":true}]}}