{"id":5958,"date":"2022-12-05T15:44:42","date_gmt":"2022-12-05T14:44:42","guid":{"rendered":"https:\/\/www.infopoint.cz\/polsko\/?p=5958"},"modified":"2022-12-07T15:46:11","modified_gmt":"2022-12-07T14:46:11","slug":"levne-nakupy-v-polsku-nekonci-nulova-dph-na-potraviny-zustane","status":"publish","type":"post","link":"https:\/\/www.infopoint.cz\/polsko\/levne-nakupy-v-polsku-nekonci-nulova-dph-na-potraviny-zustane\/","title":{"rendered":"Levn\u00e9 n\u00e1kupy v Polsku nekon\u010d\u00ed. Nulov\u00e1 DPH na potraviny z\u016fstane"},"content":{"rendered":"<div>\n<blockquote><p>Nulov\u00e1 <a href=\"https:\/\/www.penize.cz\/dph\" target=\"_blank\" rel=\"noopener\">da\u0148 z p\u0159idan\u00e9 hodnoty<\/a> (DPH) na z\u00e1kladn\u00ed potraviny, kterou Polsko zavedlo na za\u010d\u00e1tku leto\u0161n\u00edho roku, bude pokra\u010dovat a\u017e do konce \u010dervna 2023. Na\u0159\u00edzen\u00ed u\u017e podepsala ministryn\u011b financ\u00ed Magdalena Rzeczkowska. V z\u00e1v\u011bru minul\u00e9ho t\u00fddne o tom <a href=\"https:\/\/www.gov.pl\/web\/finanse\/przedluzenie-zerowej-stawki-vat-na-zywnosc-z-podpisem-ministra-finansow\" target=\"_blank\" rel=\"noopener\">informovala<\/a>&nbsp;polsk\u00e1 vl\u00e1da.<\/p><\/blockquote>\n<p>\u201eProdlu\u017eujeme aplikaci nulov\u00e9 sazby DPH na potraviny. Stejn\u011b jako nyn\u00ed bude sazba platit pro z\u00e1kladn\u00ed potravin\u00e1\u0159sk\u00e9 v\u00fdrobky, jako je ovoce, zelenina, maso, ml\u00e9\u010dn\u00e9 v\u00fdrobky a v\u00fdrobky z obilovin,\u201c uvedla Rzeczkowska.<\/p>\n<p>Zdroj: <a href=\"https:\/\/www.penize.cz\/slevy\/438522-levne-nakupy-v-polsku-nekonci-nulova-dph-na-potraviny-zustane\">https:\/\/www.penize.cz\/slevy\/438522-levne-nakupy-v-polsku-nekonci-nulova-dph-na-potraviny-zustane<\/a><\/p>\n<\/div>\n","protected":false},"excerpt":{"rendered":"<p>Nulov\u00e1 da\u0148 z p\u0159idan\u00e9 hodnoty (DPH) na z\u00e1kladn\u00ed potraviny, kterou Polsko zavedlo na za\u010d\u00e1tku leto\u0161n\u00edho roku, bude pokra\u010dovat a\u017e do konce \u010dervna 2023. Na\u0159\u00edzen\u00ed u\u017e podepsala ministryn\u011b financ\u00ed Magdalena Rzeczkowska. V z\u00e1v\u011bru minul\u00e9ho t\u00fddne o tom informovala&nbsp;polsk\u00e1 vl\u00e1da. \u201eProdlu\u017eujeme aplikaci nulov\u00e9 sazby DPH na potraviny. Stejn\u011b jako nyn\u00ed bude sazba platit pro z\u00e1kladn\u00ed potravin\u00e1\u0159sk\u00e9 v\u00fdrobky, [&hellip;]<\/p>\n","protected":false},"author":2,"featured_media":0,"comment_status":"open","ping_status":"closed","sticky":false,"template":"","format":"standard","meta":{"ngg_post_thumbnail":0,"footnotes":""},"categories":[24],"tags":[],"class_list":["post-5958","post","type-post","status-publish","format-standard","hentry","category-zajimavosti"],"_links":{"self":[{"href":"https:\/\/www.infopoint.cz\/polsko\/wp-json\/wp\/v2\/posts\/5958","targetHints":{"allow":["GET"]}}],"collection":[{"href":"https:\/\/www.infopoint.cz\/polsko\/wp-json\/wp\/v2\/posts"}],"about":[{"href":"https:\/\/www.infopoint.cz\/polsko\/wp-json\/wp\/v2\/types\/post"}],"author":[{"embeddable":true,"href":"https:\/\/www.infopoint.cz\/polsko\/wp-json\/wp\/v2\/users\/2"}],"replies":[{"embeddable":true,"href":"https:\/\/www.infopoint.cz\/polsko\/wp-json\/wp\/v2\/comments?post=5958"}],"version-history":[{"count":1,"href":"https:\/\/www.infopoint.cz\/polsko\/wp-json\/wp\/v2\/posts\/5958\/revisions"}],"predecessor-version":[{"id":5959,"href":"https:\/\/www.infopoint.cz\/polsko\/wp-json\/wp\/v2\/posts\/5958\/revisions\/5959"}],"wp:attachment":[{"href":"https:\/\/www.infopoint.cz\/polsko\/wp-json\/wp\/v2\/media?parent=5958"}],"wp:term":[{"taxonomy":"category","embeddable":true,"href":"https:\/\/www.infopoint.cz\/polsko\/wp-json\/wp\/v2\/categories?post=5958"},{"taxonomy":"post_tag","embeddable":true,"href":"https:\/\/www.infopoint.cz\/polsko\/wp-json\/wp\/v2\/tags?post=5958"}],"curies":[{"name":"wp","href":"https:\/\/api.w.org\/{rel}","templated":true}]}}