{"id":6007,"date":"2023-01-23T15:06:42","date_gmt":"2023-01-23T14:06:42","guid":{"rendered":"https:\/\/www.infopoint.cz\/polsko\/?p=6007"},"modified":"2023-01-27T15:37:57","modified_gmt":"2023-01-27T14:37:57","slug":"zapomnel-na-ceske-zavazky-polska-media-zaskocilo-babisovo-predvolebni-tvrzeni","status":"publish","type":"post","link":"https:\/\/www.infopoint.cz\/polsko\/zapomnel-na-ceske-zavazky-polska-media-zaskocilo-babisovo-predvolebni-tvrzeni\/","title":{"rendered":"&#8222;Babi\u0161 v nemilosti&#8220;. Polsk\u00e1 i pobaltsk\u00e1 m\u00e9dia zasko\u010dil v\u00fdrok, \u017ee \u010cesko by p\u0159i jejich napaden\u00ed nepomohlo"},"content":{"rendered":"<blockquote><p>Polsk\u00e1 m\u00e9dia i u\u017eivatele twitteru zasko\u010dilo tvrzen\u00ed \u010desk\u00e9ho kandid\u00e1ta na prezidenta Andreje Babi\u0161e (ANO), \u017ee by v p\u0159\u00edpad\u011b \u00fatoku na Polsko nebo pobaltsk\u00e9 zem\u011b \u010desk\u00e9 voj\u00e1ky na pomoc ur\u010dit\u011b neposlal. V reakci na v\u00fdroky b\u00fdval\u00e9ho premi\u00e9ra v ned\u011bln\u00ed televizn\u00ed debat\u011b s jeho konkurentem Petrem Pavlem se v Polsku pozastavuj\u00ed nad t\u00edm, zda Babi\u0161 zapomn\u011bl na \u010desk\u00e9 z\u00e1vazky plynouc\u00ed z \u010dlenstv\u00ed v NATO.<\/p><\/blockquote>\n<p>&#8230;<\/p>\n<p>\u201eA co spojeneck\u00e9 povinnosti vypl\u00fdvaj\u00edc\u00ed z \u010dlenstv\u00ed v NATO?,\u201c pozastavuje se nad Babi\u0161ov\u00fdm prohl\u00e1\u0161en\u00edm konzervativn\u00ed port\u00e1l <a href=\"https:\/\/niezalezna.pl\/472386-co-z-zobowiazaniami-sojuszniczymi-nato-babi%C5%A1-nie-wyslalbym-czeskich-wojsk-do-obrony-polski\" target=\"_blank\" rel=\"noopener noreferrer\">niezale\u017ena.pl<\/a>. \u201eBabi\u0161 se znovu dost\u00e1v\u00e1 u Pol\u00e1k\u016f do nemilosti,\u201c napsal port\u00e1l <a href=\"https:\/\/businessinsider.com.pl\/wiadomosci\/babisz-znow-podpada-polakom-nie-wyslalby-wojska-by-nam-pomoc\/fww2nkp\" target=\"_blank\" rel=\"noopener noreferrer\">businessinsider.pl<\/a> a Babi\u0161e ozna\u010dil za \u201eosobnost plnou kontroverz\u00ed\u201c. P\u0159ipomn\u011bl tak\u00e9, \u017ee v minulosti se tento politik vyj\u00e1d\u0159il vulg\u00e1rn\u011b o polsk\u00fdch potravin\u00e1ch.<\/p>\n<div class=\"embed \" style=\"text-align: left;\">\n<p>&nbsp;<\/p>\n<blockquote class=\"twitter-tweet\" data-twitter-extracted-i1674829728029156976=\"true\">\n<p dir=\"ltr\" lang=\"pl\">Kandydat na prezydenta Czech Andrej Babisz pytany w debacie w niedziel\u0119 wieczorem czy w przypadku ataku na Polsk\u0119 lub pa\u0144stwa ba\u0142tyckie wys\u0142a\u0142by na pomoc czeskich \u017co\u0142nierzy, stwierdzi\u0142, \u017ce z pewno\u015bci\u0105 nie. Jego konkurent emerytowany genera\u0142 Petr Pavel\u2026 <a href=\"https:\/\/t.co\/kitlm0E5eI\" target=\"_blank\" rel=\"noopener\">https:\/\/t.co\/kitlm0E5eI<\/a><\/p>\n<p>\u2014 Business Insider Polska (@BIPolska) <a href=\"https:\/\/twitter.com\/BIPolska\/status\/1617396347107434496?ref_src=twsrc%5Etfw\" target=\"_blank\" rel=\"noopener\">January 23, 2023<\/a><\/p><\/blockquote>\n<p>&#8230;<\/p>\n<\/div>\n<p>Zdroj: <a href=\"https:\/\/www.irozhlas.cz\/zpravy-svet\/volby-prezident-babis-nato-polsko-pobalti-valka-napadeni_2301231031_har\">https:\/\/www.irozhlas.cz\/zpravy-svet\/volby-prezident-babis-nato-polsko-pobalti-valka-napadeni_2301231031_har<\/a><\/p>\n<p>&nbsp;<\/p>\n<p>&nbsp;<\/p>\n","protected":false},"excerpt":{"rendered":"<p>Polsk\u00e1 m\u00e9dia i u\u017eivatele twitteru zasko\u010dilo tvrzen\u00ed \u010desk\u00e9ho kandid\u00e1ta na prezidenta Andreje Babi\u0161e (ANO), \u017ee by v p\u0159\u00edpad\u011b \u00fatoku na Polsko nebo pobaltsk\u00e9 zem\u011b \u010desk\u00e9 voj\u00e1ky na pomoc ur\u010dit\u011b neposlal. V reakci na v\u00fdroky b\u00fdval\u00e9ho premi\u00e9ra v ned\u011bln\u00ed televizn\u00ed debat\u011b s jeho konkurentem Petrem Pavlem se v Polsku pozastavuj\u00ed nad t\u00edm, zda Babi\u0161 zapomn\u011bl na [&hellip;]<\/p>\n","protected":false},"author":2,"featured_media":0,"comment_status":"open","ping_status":"closed","sticky":false,"template":"","format":"standard","meta":{"ngg_post_thumbnail":0,"footnotes":""},"categories":[24],"tags":[],"class_list":["post-6007","post","type-post","status-publish","format-standard","hentry","category-zajimavosti"],"_links":{"self":[{"href":"https:\/\/www.infopoint.cz\/polsko\/wp-json\/wp\/v2\/posts\/6007","targetHints":{"allow":["GET"]}}],"collection":[{"href":"https:\/\/www.infopoint.cz\/polsko\/wp-json\/wp\/v2\/posts"}],"about":[{"href":"https:\/\/www.infopoint.cz\/polsko\/wp-json\/wp\/v2\/types\/post"}],"author":[{"embeddable":true,"href":"https:\/\/www.infopoint.cz\/polsko\/wp-json\/wp\/v2\/users\/2"}],"replies":[{"embeddable":true,"href":"https:\/\/www.infopoint.cz\/polsko\/wp-json\/wp\/v2\/comments?post=6007"}],"version-history":[{"count":6,"href":"https:\/\/www.infopoint.cz\/polsko\/wp-json\/wp\/v2\/posts\/6007\/revisions"}],"predecessor-version":[{"id":6013,"href":"https:\/\/www.infopoint.cz\/polsko\/wp-json\/wp\/v2\/posts\/6007\/revisions\/6013"}],"wp:attachment":[{"href":"https:\/\/www.infopoint.cz\/polsko\/wp-json\/wp\/v2\/media?parent=6007"}],"wp:term":[{"taxonomy":"category","embeddable":true,"href":"https:\/\/www.infopoint.cz\/polsko\/wp-json\/wp\/v2\/categories?post=6007"},{"taxonomy":"post_tag","embeddable":true,"href":"https:\/\/www.infopoint.cz\/polsko\/wp-json\/wp\/v2\/tags?post=6007"}],"curies":[{"name":"wp","href":"https:\/\/api.w.org\/{rel}","templated":true}]}}