{"id":6043,"date":"2023-02-16T21:00:35","date_gmt":"2023-02-16T20:00:35","guid":{"rendered":"https:\/\/www.infopoint.cz\/polsko\/?p=6043"},"modified":"2023-02-17T09:19:38","modified_gmt":"2023-02-17T08:19:38","slug":"cesky-velvyslanec-v-polsku-durr-nahle-zemrel-ve-veku-46-let-v-diplomacii-pusobil-vice-nez-12-let","status":"publish","type":"post","link":"https:\/\/www.infopoint.cz\/polsko\/cesky-velvyslanec-v-polsku-durr-nahle-zemrel-ve-veku-46-let-v-diplomacii-pusobil-vice-nez-12-let\/","title":{"rendered":"\u010cesk\u00fd velvyslanec v Polsku D\u00fcrr n\u00e1hle zem\u0159el ve v\u011bku 46 let. V diplomacii p\u016fsobil v\u00edce ne\u017e 12 let"},"content":{"rendered":"<blockquote><p>Ve \u010dtvrtek n\u00e1hle zem\u0159el \u010desk\u00fd velvyslanec v Polsku Jakub D\u00fcrr, bylo mu 46 let. Ozn\u00e1milo to ministerstvo zahrani\u010d\u00ed. D\u00fcrr byl od listopadu na nemocensk\u00e9 a ze zdravotn\u00edch d\u016fvod\u016f se tehdy vr\u00e1til z Var\u0161avy do \u010cesk\u00e9 republiky. N\u00e1sledn\u011b se ale do Polska k pr\u00e1ci vr\u00e1til. Soustrast poz\u016fstal\u00fdm vyj\u00e1d\u0159ili mimo jin\u00e9 polsk\u00fd premi\u00e9r Mateusz Morawiecki \u010di ministr zahrani\u010d\u00ed Zbigniew Rau.<\/p><\/blockquote>\n<p><img decoding=\"async\" src=\"https:\/\/pbs.twimg.com\/media\/FpGWiOvWAAAMOqL.jpg\" alt=\"\"><\/p>\n<p>Zdroj: <a href=\"https:\/\/www.irozhlas.cz\/zpravy-domov\/jakub-durr-umrti-velvyslanec-polsko_2302161715_afo\">https:\/\/www.irozhlas.cz\/zpravy-domov\/jakub-durr-umrti-velvyslanec-polsko_2302161715_afo<\/a><\/p>\n","protected":false},"excerpt":{"rendered":"<p>Ve \u010dtvrtek n\u00e1hle zem\u0159el \u010desk\u00fd velvyslanec v Polsku Jakub D\u00fcrr, bylo mu 46 let. Ozn\u00e1milo to ministerstvo zahrani\u010d\u00ed. D\u00fcrr byl od listopadu na nemocensk\u00e9 a ze zdravotn\u00edch d\u016fvod\u016f se tehdy vr\u00e1til z Var\u0161avy do \u010cesk\u00e9 republiky. N\u00e1sledn\u011b se ale do Polska k pr\u00e1ci vr\u00e1til. Soustrast poz\u016fstal\u00fdm vyj\u00e1d\u0159ili mimo jin\u00e9 polsk\u00fd premi\u00e9r Mateusz Morawiecki \u010di ministr [&hellip;]<\/p>\n","protected":false},"author":2,"featured_media":0,"comment_status":"closed","ping_status":"closed","sticky":false,"template":"","format":"standard","meta":{"ngg_post_thumbnail":0,"footnotes":""},"categories":[24],"tags":[],"class_list":["post-6043","post","type-post","status-publish","format-standard","hentry","category-zajimavosti"],"_links":{"self":[{"href":"https:\/\/www.infopoint.cz\/polsko\/wp-json\/wp\/v2\/posts\/6043","targetHints":{"allow":["GET"]}}],"collection":[{"href":"https:\/\/www.infopoint.cz\/polsko\/wp-json\/wp\/v2\/posts"}],"about":[{"href":"https:\/\/www.infopoint.cz\/polsko\/wp-json\/wp\/v2\/types\/post"}],"author":[{"embeddable":true,"href":"https:\/\/www.infopoint.cz\/polsko\/wp-json\/wp\/v2\/users\/2"}],"replies":[{"embeddable":true,"href":"https:\/\/www.infopoint.cz\/polsko\/wp-json\/wp\/v2\/comments?post=6043"}],"version-history":[{"count":1,"href":"https:\/\/www.infopoint.cz\/polsko\/wp-json\/wp\/v2\/posts\/6043\/revisions"}],"predecessor-version":[{"id":6044,"href":"https:\/\/www.infopoint.cz\/polsko\/wp-json\/wp\/v2\/posts\/6043\/revisions\/6044"}],"wp:attachment":[{"href":"https:\/\/www.infopoint.cz\/polsko\/wp-json\/wp\/v2\/media?parent=6043"}],"wp:term":[{"taxonomy":"category","embeddable":true,"href":"https:\/\/www.infopoint.cz\/polsko\/wp-json\/wp\/v2\/categories?post=6043"},{"taxonomy":"post_tag","embeddable":true,"href":"https:\/\/www.infopoint.cz\/polsko\/wp-json\/wp\/v2\/tags?post=6043"}],"curies":[{"name":"wp","href":"https:\/\/api.w.org\/{rel}","templated":true}]}}