{"id":6051,"date":"2023-03-10T17:08:47","date_gmt":"2023-03-10T16:08:47","guid":{"rendered":"https:\/\/www.infopoint.cz\/polsko\/?p=6051"},"modified":"2023-03-12T17:10:48","modified_gmt":"2023-03-12T16:10:48","slug":"prezident-pavel-navstivi-ve-ctvrtek-a-v-patek-polsko","status":"publish","type":"post","link":"https:\/\/www.infopoint.cz\/polsko\/prezident-pavel-navstivi-ve-ctvrtek-a-v-patek-polsko\/","title":{"rendered":"Prezident Pavel nav\u0161t\u00edv\u00ed ve \u010dtvrtek a v p\u00e1tek Polsko"},"content":{"rendered":"<blockquote>\n<p class=\"big\">Praha &#8211; Prezident Petr Pavel nav\u0161t\u00edv\u00ed Polsko ve \u010dtvrtek a v p\u00e1tek p\u0159\u00ed\u0161t\u00ed t\u00fdden. Potvrdila to dnes jeho mluv\u010d\u00ed Mark\u00e9ta \u0158eh\u00e1kov\u00e1. Program Hrad zve\u0159ejn\u00ed p\u0159\u00ed\u0161t\u00ed t\u00fdden. P\u016fjde o druhou zahrani\u010dn\u00ed cestu Pavla ve funkci prezidenta, prvn\u00ed n\u00e1v\u0161t\u011bvou bude v pond\u011bl\u00ed a v \u00fater\u00fd tradi\u010dn\u011b Slovensko.<\/p>\n<\/blockquote>\n<div class=\"box-offer-mob-perex\">\n<div id=\"mobFullPerexBan\">&nbsp;<\/div>\n<\/div>\n<div class=\"infobox box-message error\">\n<p class=\"fotogal-link-text\"><a href=\"https:\/\/www.ceskenoviny.cz\/fotogalerie\/?id=4128\">Fotogalerie: Prezident Petr Pavel<\/a><\/p>\n<div class=\"fotogal-link-nahledy\"><a href=\"https:\/\/www.ceskenoviny.cz\/fotogalerie\/?id=4128\"><img decoding=\"async\" class=\"fotogal-link-obrazek\" title=\"Prezident Petr Pavel\" src=\"https:\/\/i3.cn.cz\/6\/1678481489_P2023031009956.jpg\" alt=\"foto\" border=\"0\"><\/a> <a href=\"https:\/\/www.ceskenoviny.cz\/fotogalerie\/?id=4128\"><img decoding=\"async\" class=\"fotogal-link-obrazek\" title=\"Prezident Petr Pavel\" src=\"https:\/\/i3.cn.cz\/6\/1678481437_P2023031009949.jpg\" alt=\"foto\" border=\"0\"><\/a> <a href=\"https:\/\/www.ceskenoviny.cz\/fotogalerie\/?id=4128\"><img decoding=\"async\" class=\"fotogal-link-obrazek\" title=\"Prezident Petr Pavel\" src=\"https:\/\/i3.cn.cz\/6\/1678481455_P2023031009950.jpg\" alt=\"foto\" border=\"0\"><\/a> <a href=\"https:\/\/www.ceskenoviny.cz\/fotogalerie\/?id=4128\"><img decoding=\"async\" class=\"fotogal-link-obrazek\" title=\"Prezident Petr Pavel\" src=\"https:\/\/i3.cn.cz\/6\/1678481472_P2023031009954.jpg\" alt=\"foto\" border=\"0\"><\/a><\/div>\n<\/div>\n<p>&#8222;Prezident republiky Petr Pavel a pan\u00ed Eva Pavlov\u00e1 p\u0159ijali pozv\u00e1n\u00ed polsk\u00e9ho prezidenta Andrzeje Dudy a ve dnech 16. a\u017e 17. b\u0159ezna 2023 pojedou na ofici\u00e1ln\u00ed n\u00e1v\u0161t\u011bvu Polsk\u00e9 republiky,&#8220; sd\u011blila \u0158eh\u00e1kov\u00e1 v tiskov\u00e9 zpr\u00e1v\u011b.<\/p>\n<p>Zdroj: <a href=\"https:\/\/www.ceskenoviny.cz\/zpravy\/2337096\">https:\/\/www.ceskenoviny.cz\/zpravy\/2337096<\/a><\/p>\n","protected":false},"excerpt":{"rendered":"<p>Praha &#8211; Prezident Petr Pavel nav\u0161t\u00edv\u00ed Polsko ve \u010dtvrtek a v p\u00e1tek p\u0159\u00ed\u0161t\u00ed t\u00fdden. Potvrdila to dnes jeho mluv\u010d\u00ed Mark\u00e9ta \u0158eh\u00e1kov\u00e1. Program Hrad zve\u0159ejn\u00ed p\u0159\u00ed\u0161t\u00ed t\u00fdden. P\u016fjde o druhou zahrani\u010dn\u00ed cestu Pavla ve funkci prezidenta, prvn\u00ed n\u00e1v\u0161t\u011bvou bude v pond\u011bl\u00ed a v \u00fater\u00fd tradi\u010dn\u011b Slovensko. &nbsp; Fotogalerie: Prezident Petr Pavel &#8222;Prezident republiky Petr Pavel a [&hellip;]<\/p>\n","protected":false},"author":2,"featured_media":0,"comment_status":"closed","ping_status":"closed","sticky":false,"template":"","format":"standard","meta":{"ngg_post_thumbnail":0,"footnotes":""},"categories":[24],"tags":[],"class_list":["post-6051","post","type-post","status-publish","format-standard","hentry","category-zajimavosti"],"_links":{"self":[{"href":"https:\/\/www.infopoint.cz\/polsko\/wp-json\/wp\/v2\/posts\/6051","targetHints":{"allow":["GET"]}}],"collection":[{"href":"https:\/\/www.infopoint.cz\/polsko\/wp-json\/wp\/v2\/posts"}],"about":[{"href":"https:\/\/www.infopoint.cz\/polsko\/wp-json\/wp\/v2\/types\/post"}],"author":[{"embeddable":true,"href":"https:\/\/www.infopoint.cz\/polsko\/wp-json\/wp\/v2\/users\/2"}],"replies":[{"embeddable":true,"href":"https:\/\/www.infopoint.cz\/polsko\/wp-json\/wp\/v2\/comments?post=6051"}],"version-history":[{"count":1,"href":"https:\/\/www.infopoint.cz\/polsko\/wp-json\/wp\/v2\/posts\/6051\/revisions"}],"predecessor-version":[{"id":6052,"href":"https:\/\/www.infopoint.cz\/polsko\/wp-json\/wp\/v2\/posts\/6051\/revisions\/6052"}],"wp:attachment":[{"href":"https:\/\/www.infopoint.cz\/polsko\/wp-json\/wp\/v2\/media?parent=6051"}],"wp:term":[{"taxonomy":"category","embeddable":true,"href":"https:\/\/www.infopoint.cz\/polsko\/wp-json\/wp\/v2\/categories?post=6051"},{"taxonomy":"post_tag","embeddable":true,"href":"https:\/\/www.infopoint.cz\/polsko\/wp-json\/wp\/v2\/tags?post=6051"}],"curies":[{"name":"wp","href":"https:\/\/api.w.org\/{rel}","templated":true}]}}