{"id":6054,"date":"2023-05-08T10:27:42","date_gmt":"2023-05-08T08:27:42","guid":{"rendered":"https:\/\/www.infopoint.cz\/polsko\/?p=6054"},"modified":"2023-05-08T10:29:57","modified_gmt":"2023-05-08T08:29:57","slug":"za-potravinami-lide-jezdi-nejradsi-do-polska-statni-kasa-prichazi-o-miliardy","status":"publish","type":"post","link":"https:\/\/www.infopoint.cz\/polsko\/za-potravinami-lide-jezdi-nejradsi-do-polska-statni-kasa-prichazi-o-miliardy\/","title":{"rendered":"Za potravinami lid\u00e9 jezd\u00ed nejrad\u0161i do Polska, st\u00e1tn\u00ed kasa p\u0159ich\u00e1z\u00ed o miliardy"},"content":{"rendered":"<blockquote><p>Titul favorita zahrani\u010dn\u00edch n\u00e1kup\u016f vyhr\u00e1v\u00e1 Polsko. K soused\u016fm pro levn\u011bj\u0161\u00ed zbo\u017e\u00ed vyj\u00ed\u017ed\u00ed pravideln\u011b a\u017e 700 tis\u00edc \u010desk\u00fdch dom\u00e1cnost\u00ed a ro\u010dn\u011b tam utrat\u00ed p\u0159es 50 miliard korun. P\u0159edseda Asociace mal\u00fdch a st\u0159edn\u00edch podnik\u016f m\u00edn\u00ed, \u017ee by vl\u00e1da m\u011bla zatla\u010dit na velk\u00e9 hr\u00e1\u010de, aby nezneu\u017e\u00edvali sv\u00e9 postaven\u00ed, napsal t\u00fdden\u00edk 5plus2.<\/p><\/blockquote>\n<div id=\"space-b\" class=\"col-a\">\n<div class=\"art-full\">\n<div data-io-article-url=\"https:\/\/www.idnes.cz\/ekonomika\/domaci\/ceny-potravin-zahranici.A230503_144046_ekonomika_thee\" data-article=\"A230503_144046_ekonomika_thee\">\n<div id=\"art-text\" class=\"text\">\n<div class=\"bbtext\">\n<p data-debug-redi5tribute=\"007. \/ 1475px \/ 132\">Do Polska zam\u00ed\u0159\u00ed alespo\u0148 p\u00e1rkr\u00e1t za rok t\u0159etina \u010desk\u00e9ho obyvatelstva \u201eTo u\u017e p\u0159edstavuje v\u00fdznamn\u00fd pod\u00edl a nem\u011bli bychom ho br\u00e1t na lehkou v\u00e1hu,<i>\u201c <\/i>zd\u016fraz\u0148uje p\u0159edseda AMSP Jaro\u0161.<\/p>\n<\/div>\n<\/div>\n<\/div>\n<\/div>\n<\/div>\n<div id=\"space-b\" class=\"col-a\">\n<div class=\"art-full\">\n<div data-io-article-url=\"https:\/\/www.idnes.cz\/ekonomika\/domaci\/ceny-potravin-zahranici.A230503_144046_ekonomika_thee\" data-article=\"A230503_144046_ekonomika_thee\">\n<div id=\"art-text\" class=\"text\">\n<div class=\"bbtext\">\n<div data-redi5tribute=\"ad\">&nbsp;<\/div>\n<div class=\"table-in-art\" data-debug-redi5tribute=\"003. \/ 1577px \/ 266\">\n<table>\n<caption>Srovn\u00e1n\u00ed cen z let\u00e1k\u016f Tesco, Lidl, Kaufland, Biedronka a dal\u0161\u00edch<\/caption>\n<tbody>\n<tr class=\"c2\">\n<th>&nbsp;<\/th>\n<td>\u010cesko<\/td>\n<td>N\u011bmecko<\/td>\n<td>Polsko<\/td>\n<td>Slovensko<\/td>\n<td>Ma\u010farsko<\/td>\n<\/tr>\n<tr class=\"c1\">\n<th>Vejce 10 ks<\/th>\n<td>63 K\u010d<\/td>\n<td>47 K\u010d<\/td>\n<td>42 K\u010d<\/td>\n<td>66 K\u010d<\/td>\n<td>88 K\u010d<\/td>\n<\/tr>\n<tr class=\"c2\">\n<th>Ku\u0159ec\u00ed \u0161unka 100 g<\/th>\n<td>23 K\u010d<\/td>\n<td>30 K\u010d<\/td>\n<td>7 K\u010d<\/td>\n<td>30 K\u010d<\/td>\n<td>25 K\u010d<\/td>\n<\/tr>\n<tr class=\"c1\">\n<th>Brambory 1 kg<\/th>\n<td>28 K\u010d<\/td>\n<td>12 K\u010d<\/td>\n<td>11 K\u010d<\/td>\n<td>27 K\u010d<\/td>\n<td>18 K\u010d<\/td>\n<\/tr>\n<tr class=\"c2\">\n<th>Ml\u00e9ko polotu\u010dn\u00e9 1 l<\/th>\n<td>22 K\u010d<\/td>\n<td>24 K\u010d<\/td>\n<td>19 K\u010d<\/td>\n<td>20 K\u010d<\/td>\n<td>27 K\u010d<\/td>\n<\/tr>\n<tr class=\"c1\">\n<th>M\u00e1slo 250 g<\/th>\n<td>60 K\u010d<\/td>\n<td>54 K\u010d<\/td>\n<td>23 K\u010d<\/td>\n<td>68 K\u010d<\/td>\n<td>109 K\u010d<\/td>\n<\/tr>\n<\/tbody>\n<\/table>\n<\/div>\n<\/div>\n<\/div>\n<\/div>\n<\/div>\n<\/div>\n<div id=\"space-b\" class=\"col-a\">\n<div class=\"art-full\">\n<div data-io-article-url=\"https:\/\/www.idnes.cz\/ekonomika\/domaci\/ceny-potravin-zahranici.A230503_144046_ekonomika_thee\" data-article=\"A230503_144046_ekonomika_thee\">\n<div id=\"art-text\" class=\"text\">\n<div class=\"bbtext\">\n<div class=\"table-in-art\" data-debug-redi5tribute=\"003. \/ 1577px \/ 266\">&nbsp;<\/div>\n<\/div>\n<\/div>\n<\/div>\n<\/div>\n<\/div>\n<p>Zdroj: <a href=\"https:\/\/www.idnes.cz\/ekonomika\/domaci\/ceny-potravin-zahranici.A230503_144046_ekonomika_thee\">https:\/\/www.idnes.cz\/ekonomika\/domaci\/ceny-potravin-zahranici.A230503_144046_ekonomika_thee<\/a><\/p>\n<p>&nbsp;<\/p>\n","protected":false},"excerpt":{"rendered":"<p>Titul favorita zahrani\u010dn\u00edch n\u00e1kup\u016f vyhr\u00e1v\u00e1 Polsko. K soused\u016fm pro levn\u011bj\u0161\u00ed zbo\u017e\u00ed vyj\u00ed\u017ed\u00ed pravideln\u011b a\u017e 700 tis\u00edc \u010desk\u00fdch dom\u00e1cnost\u00ed a ro\u010dn\u011b tam utrat\u00ed p\u0159es 50 miliard korun. P\u0159edseda Asociace mal\u00fdch a st\u0159edn\u00edch podnik\u016f m\u00edn\u00ed, \u017ee by vl\u00e1da m\u011bla zatla\u010dit na velk\u00e9 hr\u00e1\u010de, aby nezneu\u017e\u00edvali sv\u00e9 postaven\u00ed, napsal t\u00fdden\u00edk 5plus2. Do Polska zam\u00ed\u0159\u00ed alespo\u0148 p\u00e1rkr\u00e1t za rok [&hellip;]<\/p>\n","protected":false},"author":2,"featured_media":0,"comment_status":"open","ping_status":"closed","sticky":false,"template":"","format":"standard","meta":{"ngg_post_thumbnail":0,"footnotes":""},"categories":[24],"tags":[],"class_list":["post-6054","post","type-post","status-publish","format-standard","hentry","category-zajimavosti"],"_links":{"self":[{"href":"https:\/\/www.infopoint.cz\/polsko\/wp-json\/wp\/v2\/posts\/6054","targetHints":{"allow":["GET"]}}],"collection":[{"href":"https:\/\/www.infopoint.cz\/polsko\/wp-json\/wp\/v2\/posts"}],"about":[{"href":"https:\/\/www.infopoint.cz\/polsko\/wp-json\/wp\/v2\/types\/post"}],"author":[{"embeddable":true,"href":"https:\/\/www.infopoint.cz\/polsko\/wp-json\/wp\/v2\/users\/2"}],"replies":[{"embeddable":true,"href":"https:\/\/www.infopoint.cz\/polsko\/wp-json\/wp\/v2\/comments?post=6054"}],"version-history":[{"count":4,"href":"https:\/\/www.infopoint.cz\/polsko\/wp-json\/wp\/v2\/posts\/6054\/revisions"}],"predecessor-version":[{"id":6058,"href":"https:\/\/www.infopoint.cz\/polsko\/wp-json\/wp\/v2\/posts\/6054\/revisions\/6058"}],"wp:attachment":[{"href":"https:\/\/www.infopoint.cz\/polsko\/wp-json\/wp\/v2\/media?parent=6054"}],"wp:term":[{"taxonomy":"category","embeddable":true,"href":"https:\/\/www.infopoint.cz\/polsko\/wp-json\/wp\/v2\/categories?post=6054"},{"taxonomy":"post_tag","embeddable":true,"href":"https:\/\/www.infopoint.cz\/polsko\/wp-json\/wp\/v2\/tags?post=6054"}],"curies":[{"name":"wp","href":"https:\/\/api.w.org\/{rel}","templated":true}]}}