{"id":6073,"date":"2023-07-13T22:11:44","date_gmt":"2023-07-13T20:11:44","guid":{"rendered":"https:\/\/www.infopoint.cz\/polsko\/?p=6073"},"modified":"2023-07-13T22:12:00","modified_gmt":"2023-07-13T20:12:00","slug":"cesi-se-vzdavaji-jadranu-a-na-dovolenou-zacali-jezdit-na-balt-hlasi-polaci","status":"publish","type":"post","link":"https:\/\/www.infopoint.cz\/polsko\/cesi-se-vzdavaji-jadranu-a-na-dovolenou-zacali-jezdit-na-balt-hlasi-polaci\/","title":{"rendered":"\u010ce\u0161i se vzd\u00e1vaj\u00ed Jadranu a na dovolenou za\u010dali jezdit na Balt, hl\u00e1s\u00ed Pol\u00e1ci"},"content":{"rendered":"<blockquote>\n<div class=\"opener\">Mnoz\u00ed \u010ce\u0161i u\u017e nemusej\u00ed jezdit do Chorvatska, kde se i kv\u016fli p\u0159ijet\u00ed eura raketov\u011b zv\u00fd\u0161ily ceny. Na\u0161li si toti\u017e nov\u00e9 obl\u00edben\u00e9 m\u00edsto k rekreaci \u2013 Polsko. Pochvaluj\u00ed si, \u017ee na Baltu nen\u00ed takov\u00e9 horko jako na jihu Evropy, l\u00edb\u00ed se jim \u0161irok\u00e1 nab\u00eddka slu\u017eeb, dobr\u00e9 cesty a \u010dist\u00e9 p\u00edse\u010dn\u00e9 pl\u00e1\u017ee, kter\u00e9 nejsou p\u0159epln\u011bn\u00e9. P\u00ed\u0161e o tom na sv\u00e9m webu polsk\u00fd den\u00edk Gazeta Wyborcza (GW).<\/div>\n<\/blockquote>\n<p>Zdroj: <a href=\"https:\/\/www.idnes.cz\/ekonomika\/zahranicni\/polsko-dovolena-baltske-more.A230713_090126_eko-zahranicni_rie\">https:\/\/www.idnes.cz\/ekonomika\/zahranicni\/polsko-dovolena-baltske-more.A230713_090126_eko-zahranicni_rie<\/a><\/p>\n<p>Vlastn\u011b to n\u011bn\u00ed a\u017e tak ne\u010dekan\u00e9, \u017ee vlastn\u00ed zku\u0161enost zru\u0161\u00ed stereotyp.<\/p>\n<p>&nbsp;<\/p>\n","protected":false},"excerpt":{"rendered":"<p>Mnoz\u00ed \u010ce\u0161i u\u017e nemusej\u00ed jezdit do Chorvatska, kde se i kv\u016fli p\u0159ijet\u00ed eura raketov\u011b zv\u00fd\u0161ily ceny. Na\u0161li si toti\u017e nov\u00e9 obl\u00edben\u00e9 m\u00edsto k rekreaci \u2013 Polsko. Pochvaluj\u00ed si, \u017ee na Baltu nen\u00ed takov\u00e9 horko jako na jihu Evropy, l\u00edb\u00ed se jim \u0161irok\u00e1 nab\u00eddka slu\u017eeb, dobr\u00e9 cesty a \u010dist\u00e9 p\u00edse\u010dn\u00e9 pl\u00e1\u017ee, kter\u00e9 nejsou p\u0159epln\u011bn\u00e9. P\u00ed\u0161e o [&hellip;]<\/p>\n","protected":false},"author":2,"featured_media":0,"comment_status":"closed","ping_status":"closed","sticky":false,"template":"","format":"standard","meta":{"ngg_post_thumbnail":0,"footnotes":""},"categories":[24],"tags":[],"class_list":["post-6073","post","type-post","status-publish","format-standard","hentry","category-zajimavosti"],"_links":{"self":[{"href":"https:\/\/www.infopoint.cz\/polsko\/wp-json\/wp\/v2\/posts\/6073","targetHints":{"allow":["GET"]}}],"collection":[{"href":"https:\/\/www.infopoint.cz\/polsko\/wp-json\/wp\/v2\/posts"}],"about":[{"href":"https:\/\/www.infopoint.cz\/polsko\/wp-json\/wp\/v2\/types\/post"}],"author":[{"embeddable":true,"href":"https:\/\/www.infopoint.cz\/polsko\/wp-json\/wp\/v2\/users\/2"}],"replies":[{"embeddable":true,"href":"https:\/\/www.infopoint.cz\/polsko\/wp-json\/wp\/v2\/comments?post=6073"}],"version-history":[{"count":1,"href":"https:\/\/www.infopoint.cz\/polsko\/wp-json\/wp\/v2\/posts\/6073\/revisions"}],"predecessor-version":[{"id":6074,"href":"https:\/\/www.infopoint.cz\/polsko\/wp-json\/wp\/v2\/posts\/6073\/revisions\/6074"}],"wp:attachment":[{"href":"https:\/\/www.infopoint.cz\/polsko\/wp-json\/wp\/v2\/media?parent=6073"}],"wp:term":[{"taxonomy":"category","embeddable":true,"href":"https:\/\/www.infopoint.cz\/polsko\/wp-json\/wp\/v2\/categories?post=6073"},{"taxonomy":"post_tag","embeddable":true,"href":"https:\/\/www.infopoint.cz\/polsko\/wp-json\/wp\/v2\/tags?post=6073"}],"curies":[{"name":"wp","href":"https:\/\/api.w.org\/{rel}","templated":true}]}}