{"id":6079,"date":"2023-08-15T16:15:50","date_gmt":"2023-08-15T14:15:50","guid":{"rendered":"https:\/\/www.infopoint.cz\/polsko\/?p=6079"},"modified":"2023-08-21T15:09:16","modified_gmt":"2023-08-21T13:09:16","slug":"polaci-maji-prehlidku-na-den-armady-varsavou-proleti-92-letadel","status":"publish","type":"post","link":"https:\/\/www.infopoint.cz\/polsko\/polaci-maji-prehlidku-na-den-armady-varsavou-proleti-92-letadel\/","title":{"rendered":"Pol\u00e1ci maj\u00ed p\u0159ehl\u00eddku. Na Den arm\u00e1dy Var\u0161avou prolet\u00ed 92 letadel"},"content":{"rendered":"<p class=\"perex\">Polsko si v \u00fater\u00fd 15.8. p\u0159ipom\u00edn\u00e1<strong> Den polsk\u00e9 arm\u00e1dy<\/strong>. V ulic\u00edch Var\u0161avy proto po\u0159\u00e1d\u00e1 p\u0159ehl\u00eddku, j\u00ed\u017e se \u00fa\u010dastn\u00ed na dva tis\u00edce voj\u00e1k\u016f, dv\u011b st\u011b kus\u016f techniky v\u010detn\u011b nov\u00fdch zbran\u00ed a dvaadevades\u00e1t letadel. Podle agentury Reuters jde o nejv\u011bt\u0161\u00ed vojenskou p\u0159ehl\u00eddku v zemi od konce studen\u00e9 v\u00e1lky.<\/p>\n<div class=\"location\"><a href=\"https:\/\/vice.idnes.cz\/videoclanek.aspx?idvideo=V230815_161125_idnestv_pech\" target=\"_blank\" rel=\"noopener\">\u010cl\u00e1nky s t\u00edmto videem na iDNES.cz<\/a><\/div>\n<div>&nbsp;<\/div>\n<div>A to, \u017ee to Pol\u00e1ci myslej\u00ed s propagac\u00ed arm\u00e1dy v\u00e1\u017en\u011b, uk\u00e1zuji tak\u00e9 n\u00e1borov\u00e9 reklamn\u00ed sloty v televizn\u00edm vys\u00edl\u00e1n\u00ed nebo Youtube kan\u00e1l <a href=\"https:\/\/www.youtube.com\/@wojskopolskie2172\/videos\">Wojsko Polskie<\/a>.<\/div>\n<div>&nbsp;<\/div>\n<div class=\"fc0\"><a href=\"https:\/\/www.infopoint.cz\/polsko\/wp-content\/uploads\/sites\/22\/2023\/08\/Wojsko_MUR.png\"><img loading=\"lazy\" decoding=\"async\" class=\"alignnone size-full wp-image-6085\" src=\"https:\/\/www.infopoint.cz\/polsko\/wp-content\/uploads\/sites\/22\/2023\/08\/Wojsko_MUR.png\" alt=\"\" width=\"707\" height=\"355\" srcset=\"https:\/\/www.infopoint.cz\/polsko\/wp-content\/uploads\/sites\/22\/2023\/08\/Wojsko_MUR.png 707w, https:\/\/www.infopoint.cz\/polsko\/wp-content\/uploads\/sites\/22\/2023\/08\/Wojsko_MUR-300x151.png 300w, https:\/\/www.infopoint.cz\/polsko\/wp-content\/uploads\/sites\/22\/2023\/08\/Wojsko_MUR-690x346.png 690w\" sizes=\"auto, (max-width: 707px) 100vw, 707px\" \/><\/a><\/div>\n<div>&nbsp;<\/div>\n<div>Nebo obr\u00e1zek namalovan\u00fd na st\u011bnu bar\u00e1ku.<\/div>\n<div>&nbsp;<\/div>\n","protected":false},"excerpt":{"rendered":"<p>Polsko si v \u00fater\u00fd 15.8. p\u0159ipom\u00edn\u00e1 Den polsk\u00e9 arm\u00e1dy. V ulic\u00edch Var\u0161avy proto po\u0159\u00e1d\u00e1 p\u0159ehl\u00eddku, j\u00ed\u017e se \u00fa\u010dastn\u00ed na dva tis\u00edce voj\u00e1k\u016f, dv\u011b st\u011b kus\u016f techniky v\u010detn\u011b nov\u00fdch zbran\u00ed a dvaadevades\u00e1t letadel. Podle agentury Reuters jde o nejv\u011bt\u0161\u00ed vojenskou p\u0159ehl\u00eddku v zemi od konce studen\u00e9 v\u00e1lky. \u010cl\u00e1nky s t\u00edmto videem na iDNES.cz &nbsp; A to, [&hellip;]<\/p>\n","protected":false},"author":2,"featured_media":0,"comment_status":"closed","ping_status":"closed","sticky":false,"template":"","format":"standard","meta":{"ngg_post_thumbnail":0,"footnotes":""},"categories":[24],"tags":[],"class_list":["post-6079","post","type-post","status-publish","format-standard","hentry","category-zajimavosti"],"_links":{"self":[{"href":"https:\/\/www.infopoint.cz\/polsko\/wp-json\/wp\/v2\/posts\/6079","targetHints":{"allow":["GET"]}}],"collection":[{"href":"https:\/\/www.infopoint.cz\/polsko\/wp-json\/wp\/v2\/posts"}],"about":[{"href":"https:\/\/www.infopoint.cz\/polsko\/wp-json\/wp\/v2\/types\/post"}],"author":[{"embeddable":true,"href":"https:\/\/www.infopoint.cz\/polsko\/wp-json\/wp\/v2\/users\/2"}],"replies":[{"embeddable":true,"href":"https:\/\/www.infopoint.cz\/polsko\/wp-json\/wp\/v2\/comments?post=6079"}],"version-history":[{"count":7,"href":"https:\/\/www.infopoint.cz\/polsko\/wp-json\/wp\/v2\/posts\/6079\/revisions"}],"predecessor-version":[{"id":6087,"href":"https:\/\/www.infopoint.cz\/polsko\/wp-json\/wp\/v2\/posts\/6079\/revisions\/6087"}],"wp:attachment":[{"href":"https:\/\/www.infopoint.cz\/polsko\/wp-json\/wp\/v2\/media?parent=6079"}],"wp:term":[{"taxonomy":"category","embeddable":true,"href":"https:\/\/www.infopoint.cz\/polsko\/wp-json\/wp\/v2\/categories?post=6079"},{"taxonomy":"post_tag","embeddable":true,"href":"https:\/\/www.infopoint.cz\/polsko\/wp-json\/wp\/v2\/tags?post=6079"}],"curies":[{"name":"wp","href":"https:\/\/api.w.org\/{rel}","templated":true}]}}