{"id":6093,"date":"2023-09-11T20:00:24","date_gmt":"2023-09-11T18:00:24","guid":{"rendered":"https:\/\/www.infopoint.cz\/polsko\/?p=6093"},"modified":"2023-09-11T20:00:46","modified_gmt":"2023-09-11T18:00:46","slug":"polsko-koupi-486-raketometu-himars-nyni-jich-ma-osmnact","status":"publish","type":"post","link":"https:\/\/www.infopoint.cz\/polsko\/polsko-koupi-486-raketometu-himars-nyni-jich-ma-osmnact\/","title":{"rendered":"Polsko koup\u00ed 486 raketomet\u016f HIMARS. Nyn\u00ed jich m\u00e1 osmn\u00e1ct"},"content":{"rendered":"<header class=\"article-header article-header-with-hero\">\n<div class=\"grid view-fixed\">\n<div class=\"grid-row\">\n<div class=\"grid-col grid-lg-9\">\n<div class=\"abstract article-abstract\">\n<blockquote><p>Polsk\u00fd ministr obrany Mariusz Blaszczak se z\u00e1stupci americk\u00e9 vl\u00e1dy podepsal smlouvu o n\u00e1kupu 486 raketomet\u016f HIMARS, informuj\u00ed polsk\u00e1 m\u00e9dia. V minulosti polsk\u00e1 arm\u00e1da z\u00edskala osmn\u00e1ct t\u011bchto salvov\u00fdch raketomet\u016f, kter\u00e9 se osv\u011bd\u010dily na Ukrajin\u011b v boji proti rusk\u00fdm invazn\u00edm jednotk\u00e1m.<\/p><\/blockquote>\n<p>\u201eDo dvou let bude m\u00edt polsk\u00e1 arm\u00e1da nejsiln\u011bj\u0161\u00ed pozemn\u00ed s\u00edly a jednou z jejich nejv\u00fdznamn\u011bj\u0161\u00edch slo\u017eek bude raketov\u00e9 d\u011blost\u0159electvo,\u201c tvrd\u00ed \u0161\u00e9f polsk\u00e9ho ministerstva obrany.<\/p>\n<p>Zdroj: <a href=\"https:\/\/ct24.ceskatelevize.cz\/svet\/3613916-polsko-koupi-486-raketometu-himars-nyni-jich-ma-osmnact\">https:\/\/ct24.ceskatelevize.cz\/svet\/3613916-polsko-koupi-486-raketometu-himars-nyni-jich-ma-osmnact<\/a><\/p>\n<\/div>\n<\/div>\n<\/div>\n<\/div>\n<\/header>\n","protected":false},"excerpt":{"rendered":"<p>Polsk\u00fd ministr obrany Mariusz Blaszczak se z\u00e1stupci americk\u00e9 vl\u00e1dy podepsal smlouvu o n\u00e1kupu 486 raketomet\u016f HIMARS, informuj\u00ed polsk\u00e1 m\u00e9dia. V minulosti polsk\u00e1 arm\u00e1da z\u00edskala osmn\u00e1ct t\u011bchto salvov\u00fdch raketomet\u016f, kter\u00e9 se osv\u011bd\u010dily na Ukrajin\u011b v boji proti rusk\u00fdm invazn\u00edm jednotk\u00e1m. \u201eDo dvou let bude m\u00edt polsk\u00e1 arm\u00e1da nejsiln\u011bj\u0161\u00ed pozemn\u00ed s\u00edly a jednou z jejich nejv\u00fdznamn\u011bj\u0161\u00edch slo\u017eek [&hellip;]<\/p>\n","protected":false},"author":2,"featured_media":0,"comment_status":"open","ping_status":"closed","sticky":false,"template":"","format":"standard","meta":{"ngg_post_thumbnail":0,"footnotes":""},"categories":[24],"tags":[],"class_list":["post-6093","post","type-post","status-publish","format-standard","hentry","category-zajimavosti"],"_links":{"self":[{"href":"https:\/\/www.infopoint.cz\/polsko\/wp-json\/wp\/v2\/posts\/6093","targetHints":{"allow":["GET"]}}],"collection":[{"href":"https:\/\/www.infopoint.cz\/polsko\/wp-json\/wp\/v2\/posts"}],"about":[{"href":"https:\/\/www.infopoint.cz\/polsko\/wp-json\/wp\/v2\/types\/post"}],"author":[{"embeddable":true,"href":"https:\/\/www.infopoint.cz\/polsko\/wp-json\/wp\/v2\/users\/2"}],"replies":[{"embeddable":true,"href":"https:\/\/www.infopoint.cz\/polsko\/wp-json\/wp\/v2\/comments?post=6093"}],"version-history":[{"count":2,"href":"https:\/\/www.infopoint.cz\/polsko\/wp-json\/wp\/v2\/posts\/6093\/revisions"}],"predecessor-version":[{"id":6095,"href":"https:\/\/www.infopoint.cz\/polsko\/wp-json\/wp\/v2\/posts\/6093\/revisions\/6095"}],"wp:attachment":[{"href":"https:\/\/www.infopoint.cz\/polsko\/wp-json\/wp\/v2\/media?parent=6093"}],"wp:term":[{"taxonomy":"category","embeddable":true,"href":"https:\/\/www.infopoint.cz\/polsko\/wp-json\/wp\/v2\/categories?post=6093"},{"taxonomy":"post_tag","embeddable":true,"href":"https:\/\/www.infopoint.cz\/polsko\/wp-json\/wp\/v2\/tags?post=6093"}],"curies":[{"name":"wp","href":"https:\/\/api.w.org\/{rel}","templated":true}]}}