{"id":6098,"date":"2023-10-13T17:07:04","date_gmt":"2023-10-13T15:07:04","guid":{"rendered":"https:\/\/www.infopoint.cz\/polsko\/?p=6098"},"modified":"2023-10-14T11:28:19","modified_gmt":"2023-10-14T09:28:19","slug":"nedelni-parlamentni-volby-v-polsku","status":"publish","type":"post","link":"https:\/\/www.infopoint.cz\/polsko\/nedelni-parlamentni-volby-v-polsku\/","title":{"rendered":"Parlamentn\u00ed volby v Polsku"},"content":{"rendered":"<h1 id=\"article-news-full-9091619\" class=\"mt--0\">Referendum ,4xNE\u2018 chce \u010d\u00e1st Pol\u00e1k\u016f bojkotovat. Na venkov\u011b je to ale nemo\u017en\u00e9, mysl\u00ed si koment\u00e1tor<\/h1>\n<div class=\"row row--article\">\n<div class=\"col col--main\">\n<div class=\"b-detail\">\n<header class=\"b-detail__head\">\n<blockquote>\n<p class=\"text-bold--m text-md--m text-lg\">Pol\u00e1ci se krom\u011b parlamentn\u00edch voleb v ned\u011bli budou moci vyj\u00e1d\u0159it i v celon\u00e1rodn\u00edm referendu. Od vstupu zem\u011b do Evropsk\u00e9 unie v roce 2004 je to teprve druh\u00e9 n\u00e1rodn\u00ed referendum v historii zem\u011b. A od za\u010d\u00e1tku ho prov\u00e1z\u00ed kontroverze. Ty se dot\u00fdkaj\u00ed podoby ot\u00e1zek, financov\u00e1n\u00ed kampan\u011b i zapojen\u00ed st\u00e1tn\u00edch firem do jeho podpory.<\/p>\n<\/blockquote>\n<p>Zdroj: <a href=\"https:\/\/www.irozhlas.cz\/zpravy-svet\/polsko-parlamentni-volby-referendum-kontroverze-ctyrikrat-ne_2310131348_afo\">https:\/\/www.irozhlas.cz\/zpravy-svet\/polsko-parlamentni-volby-referendum-kontroverze-ctyrikrat-ne_2310131348_afo<\/a><\/p>\n<\/header>\n<\/div>\n<\/div>\n<\/div>\n<h1 id=\"article-news-full-9091610\" class=\"mt--0\">Polsk\u00e9 volby jsou o bezpe\u010d\u00ed. V\u00e1lka a strach z migrant\u016f hraj\u00ed ve prosp\u011bch vl\u00e1dy, \u0159\u00edk\u00e1 tamn\u00ed novin\u00e1\u0159ka<\/h1>\n<div class=\"row row--article\">\n<div class=\"col col--main\">\n<div class=\"b-detail\">\n<header class=\"b-detail__head\">\n<blockquote>\n<p class=\"text-bold--m text-md--m text-lg\">Ned\u011bln\u00ed parlamentn\u00ed volby v Polsku rozhodnou, zda se strana Pr\u00e1vo a spravedlnost (PiS) udr\u017e\u00ed u moci, nebo po osmi letech odejde do opozice. Podle slov n\u011bkter\u00fdch opozi\u010dn\u00edch politik\u016f by se mohlo jednat o posledn\u00ed svobodn\u00e9 volby v Polsku. T\u00e9matem vyhrocen\u00e9 p\u0159edvolebn\u00ed kampan\u011b se stali migranti i v\u00e1lka na Ukrajin\u011b. Tato t\u00e9mata hraj\u00ed do karet PiS, \u0159\u00edk\u00e1 polsk\u00e1 novin\u00e1\u0159ka Kl\u00e1ra Klinger Kosmaly z den\u00edku Gazeta Prawna pro Radio\u017eurn\u00e1l.<\/p>\n<\/blockquote>\n<p>Zdroj: <a href=\"https:\/\/www.irozhlas.cz\/zpravy-svet\/polske-volby-rozhovor-novinarka-valka-migranti_2310122218_epo\">https:\/\/www.irozhlas.cz\/zpravy-svet\/polske-volby-rozhovor-novinarka-valka-migranti_2310122218_epo<\/a><\/p>\n<p>&nbsp;<\/p>\n<\/header>\n<p><img decoding=\"async\" class=\"css-9pa8cd\" draggable=\"true\" src=\"https:\/\/pbs.twimg.com\/media\/F5uaM0aWEAAQtzP?format=jpg&amp;name=small\" alt=\"Obr\u00e1zek\"><\/p>\n<p>Zdroj: <a href=\"https:\/\/www.irozhlas.cz\/zpravy-svet\/polsko-volby-opozice-pravo-a-spravedlnost-konfederace-parlament_2309111928_afo\">https:\/\/www.irozhlas.cz\/zpravy-svet\/polsko-volby-opozice-pravo-a-spravedlnost-konfederace-parlament_2309111928_afo<\/a><\/p>\n<h1>Tusk vyl\u00e1kal do ulic milion lid\u00ed. Var\u0161ava p\u0159ed volbami protestovala proti vl\u00e1d\u011b<\/h1>\n<div class=\"artmeta\">\n<div class=\"cell\">\n<div class=\"art-info\"><span class=\"time\"> <span class=\"time-date\">1. \u0159\u00edjna 2023<\/span>&nbsp;&nbsp;12:43,&nbsp; <span class=\"aktual\">aktualizov\u00e1no&nbsp; 19:34 <\/span> <\/span><\/div>\n<\/div>\n<\/div>\n<blockquote>\n<div class=\"opener\">V centru Var\u0161avy se konala protivl\u00e1dn\u00ed demonstrace. \u201ePochod milionu srdc\u00ed\u201c svolal dva t\u00fddny p\u0159ed volbami opozi\u010dn\u00ed v\u016fdce Donald Tusk z liber\u00e1ln\u00ed Ob\u010dansk\u00e9 platformy (PO). Podle agentury AFP var\u0161avsk\u00e1 radnice tvrd\u00ed, \u017ee se demonstrace \u00fa\u010dastn\u00ed milion lid\u00ed. Provl\u00e1dn\u00ed televize TVP uvedla desetkr\u00e1t ni\u017e\u0161\u00ed \u010d\u00edslo.<\/div>\n<\/blockquote>\n<p>Zdroj: <a href=\"https:\/\/www.idnes.cz\/zpravy\/zahranicni\/protivladni-demonstrace-polsko.A231001_124130_zahranicni_ijan\">https:\/\/www.idnes.cz\/zpravy\/zahranicni\/protivladni-demonstrace-polsko.A231001_124130_zahranicni_ijan<\/a><\/p>\n<\/div>\n<\/div>\n<\/div>\n","protected":false},"excerpt":{"rendered":"<p>Referendum ,4xNE\u2018 chce \u010d\u00e1st Pol\u00e1k\u016f bojkotovat. Na venkov\u011b je to ale nemo\u017en\u00e9, mysl\u00ed si koment\u00e1tor Pol\u00e1ci se krom\u011b parlamentn\u00edch voleb v ned\u011bli budou moci vyj\u00e1d\u0159it i v celon\u00e1rodn\u00edm referendu. Od vstupu zem\u011b do Evropsk\u00e9 unie v roce 2004 je to teprve druh\u00e9 n\u00e1rodn\u00ed referendum v historii zem\u011b. A od za\u010d\u00e1tku ho prov\u00e1z\u00ed kontroverze. Ty se [&hellip;]<\/p>\n","protected":false},"author":2,"featured_media":0,"comment_status":"closed","ping_status":"closed","sticky":false,"template":"","format":"standard","meta":{"ngg_post_thumbnail":0,"footnotes":""},"categories":[24],"tags":[],"class_list":["post-6098","post","type-post","status-publish","format-standard","hentry","category-zajimavosti"],"_links":{"self":[{"href":"https:\/\/www.infopoint.cz\/polsko\/wp-json\/wp\/v2\/posts\/6098","targetHints":{"allow":["GET"]}}],"collection":[{"href":"https:\/\/www.infopoint.cz\/polsko\/wp-json\/wp\/v2\/posts"}],"about":[{"href":"https:\/\/www.infopoint.cz\/polsko\/wp-json\/wp\/v2\/types\/post"}],"author":[{"embeddable":true,"href":"https:\/\/www.infopoint.cz\/polsko\/wp-json\/wp\/v2\/users\/2"}],"replies":[{"embeddable":true,"href":"https:\/\/www.infopoint.cz\/polsko\/wp-json\/wp\/v2\/comments?post=6098"}],"version-history":[{"count":6,"href":"https:\/\/www.infopoint.cz\/polsko\/wp-json\/wp\/v2\/posts\/6098\/revisions"}],"predecessor-version":[{"id":6105,"href":"https:\/\/www.infopoint.cz\/polsko\/wp-json\/wp\/v2\/posts\/6098\/revisions\/6105"}],"wp:attachment":[{"href":"https:\/\/www.infopoint.cz\/polsko\/wp-json\/wp\/v2\/media?parent=6098"}],"wp:term":[{"taxonomy":"category","embeddable":true,"href":"https:\/\/www.infopoint.cz\/polsko\/wp-json\/wp\/v2\/categories?post=6098"},{"taxonomy":"post_tag","embeddable":true,"href":"https:\/\/www.infopoint.cz\/polsko\/wp-json\/wp\/v2\/tags?post=6098"}],"curies":[{"name":"wp","href":"https:\/\/api.w.org\/{rel}","templated":true}]}}